{"id":355469,"date":"2022-09-18T21:25:05","date_gmt":"2022-09-18T19:25:05","guid":{"rendered":"https:\/\/www.pcnen.com\/portal\/?p=355469"},"modified":"2022-09-18T21:25:05","modified_gmt":"2022-09-18T19:25:05","slug":"pretezno-suncano-do-25-stepeni-2","status":"publish","type":"post","link":"https:\/\/www.pcnen.com\/portal\/2022\/09\/18\/pretezno-suncano-do-25-stepeni-2\/","title":{"rendered":"Prete\u017eno sun\u010dano, do 25 stepeni"},"content":{"rendered":"<p>U drugom dijelu dana, prvo na sjeveru, a kasnije i u ostalim predjelima do\u0107i \u0107e do naobla\u010denje koje \u0107e u sjevernim predjelima, a tek ponegdje u centralnim usloviti slabu do umjrenu ki\u0161u.<\/p>\n<p>Vjetar slab do umjeren, na sjeveru mjestimi\u010dno tokom prijepodneva i poja\u010dan jugozapadni, krajem dana \u0107e skrenuti na sjeveroisto\u010dni.<\/p>\n<p>Jutarnja temperatura vazduha kreta\u0107e se od 1 do 14, najvi\u0161a dnevna od 13 do 25 stepeni.<\/p>\n<p>U Podgoricp \u0107e biti prete\u017eno sun\u010dano. U drugom dijelu dana do\u0107i \u0107e do prolaznog naobla\u010denja i uglavnom bez padavina.<\/p>\n<p>Vjetar slab do umjeren bi\u0107e promjenljiv.<\/p>\n<p>Jutarnja temperatura vazduha \u0107e biti 13, najvi\u0161a dnevna oko 23 stepena.<\/p>\n","protected":false},"excerpt":{"rendered":"<p>U Crnoj Gori \u0107e u ponedjeljak prijepodne u ve\u0107em dijelu zemlje biti prete\u017eno sun\u010dano.<\/p>\n","protected":false},"author":1,"featured_media":336591,"comment_status":"open","ping_status":"closed","sticky":false,"template":"","format":"standard","meta":{"_seopress_robots_primary_cat":"","_seopress_titles_title":"","_seopress_titles_desc":"","_seopress_robots_index":"","_et_pb_use_builder":"","_et_pb_old_content":"","_et_gb_content_width":"","inline_featured_image":false,"footnotes":""},"categories":[14],"tags":[],"class_list":["post-355469","post","type-post","status-publish","format-standard","has-post-thumbnail","hentry","category-vijesti"],"_links":{"self":[{"href":"https:\/\/www.pcnen.com\/portal\/wp-json\/wp\/v2\/posts\/355469","targetHints":{"allow":["GET"]}}],"collection":[{"href":"https:\/\/www.pcnen.com\/portal\/wp-json\/wp\/v2\/posts"}],"about":[{"href":"https:\/\/www.pcnen.com\/portal\/wp-json\/wp\/v2\/types\/post"}],"author":[{"embeddable":true,"href":"https:\/\/www.pcnen.com\/portal\/wp-json\/wp\/v2\/users\/1"}],"replies":[{"embeddable":true,"href":"https:\/\/www.pcnen.com\/portal\/wp-json\/wp\/v2\/comments?post=355469"}],"version-history":[{"count":1,"href":"https:\/\/www.pcnen.com\/portal\/wp-json\/wp\/v2\/posts\/355469\/revisions"}],"predecessor-version":[{"id":355470,"href":"https:\/\/www.pcnen.com\/portal\/wp-json\/wp\/v2\/posts\/355469\/revisions\/355470"}],"wp:featuredmedia":[{"embeddable":true,"href":"https:\/\/www.pcnen.com\/portal\/wp-json\/wp\/v2\/media\/336591"}],"wp:attachment":[{"href":"https:\/\/www.pcnen.com\/portal\/wp-json\/wp\/v2\/media?parent=355469"}],"wp:term":[{"taxonomy":"category","embeddable":true,"href":"https:\/\/www.pcnen.com\/portal\/wp-json\/wp\/v2\/categories?post=355469"},{"taxonomy":"post_tag","embeddable":true,"href":"https:\/\/www.pcnen.com\/portal\/wp-json\/wp\/v2\/tags?post=355469"}],"curies":[{"name":"wp","href":"https:\/\/api.w.org\/{rel}","templated":true}]}}