{"id":355464,"date":"2022-09-18T21:00:50","date_gmt":"2022-09-18T19:00:50","guid":{"rendered":"https:\/\/www.pcnen.com\/portal\/?p=355464"},"modified":"2022-09-18T23:15:48","modified_gmt":"2022-09-18T21:15:48","slug":"adzic-vlahovic-pokusao-da-sprijeci-abazovica-i-vijesti-da-dobiju-pozivnicu-i-nagradu-tln","status":"publish","type":"post","link":"https:\/\/www.pcnen.com\/portal\/2022\/09\/18\/adzic-vlahovic-pokusao-da-sprijeci-abazovica-i-vijesti-da-dobiju-pozivnicu-i-nagradu-tln\/","title":{"rendered":"Ad\u017ei\u0107: Vlahovi\u0107 poku\u0161ao da sprije\u010di Abazovi\u0107a i Vijesti da dobiju pozivnicu i nagradu TLN"},"content":{"rendered":"<p>&#8220;Uzaludni poku\u0161aji Miodraga Vlahovi\u0107a, koji je pukim slu\u010dajem iz prodavnice namje\u0161taja zalutao u diplomatiju, da ponovo obruka Crnu Goru zavr\u0161ili su, kao i obi\u010dno, sopstvenim sramo\u0107enjem i fijaskom\u201d, istakao je Ad\u017ei\u0107 u saop\u0161tenju.<\/p>\n<p>On je dodao da je Abazovi\u0107 do\u010dekan kao po\u010dasni gost na ceremoniji, a da su crnogorski medijski poslenici dobili presti\u017enu nagradu koja govori o slobodi medija u Crnoj Gori, <a href=\"https:\/\/www.vijesti.me\/vijesti\/politika\/622164\/adzic-vlahovic-pokusao-da-sprijeci-abazovica-i-vijesti-da-dobiju-pozivnicu-i-nagradu-tln\">prenose Vijesti.<\/a><\/p>\n<p>&#8220;Ovaj \u010duveni \u2018bravar\u2019 iz Vatikana, koji se zarad jo\u0161 jedne diplomatske plate zaklju\u010dao i zabarikadirao u kancelariju, frenati\u010dnim naporima slao je na desetine mejlova organizatorima TLN-a, u poku\u0161aju da sprije\u010di premijera Abazovi\u0107a i predstavnike \u2018Vijesti\u2019 da dobiju pozivnicu i nagradu ovog presti\u017enog instituta. Me\u0111utim, sve \u0161to je postigao je to da se doma\u0107in zapita o medicinskom stanju \u2018tajm aut\u2019 ministra. Na\u017ealost prevazi\u0111enih politi\u010dkih samozvanjaca i marginalaca poput Vlahovi\u0107a, premijer Abazovi\u0107 je do\u010dekan kao po\u010dasni gost na ceremoniji, a crnogorski medijski poslenici dobili su presti\u017enu nagradu koja govori o slobodi medija u Crnoj Gori. Novu i zdravu Crnu Goru ne mo\u017ee zaustaviti niko, a zaboravljenim likovima poput Vlahovi\u0107a preporu\u010dujemo dugi odmor i opu\u0161tanje uz neku knjigu poput \u2018Kockar\u2019 od Dostojevskog \u2013 prili\u010di im&#8221;, poru\u010dio je Ad\u017ei\u0107 u saop\u0161tenju.<\/p>\n<blockquote><p><em>Jedan od osniva\u010da \u201cVijesti\u201d \u017deljko Ivanovi\u0107 primio je u Va\u0161ingtonu presti\u017enu nagradu TLN (Transantlantic Leadrship Network) na gala sve\u010danosti u Nacionalnom pres klubu u glavnom gradu Sjedinjenih Ameri\u010dkih Dr\u017eava (SAD).<\/em><\/p>\n<p><em>Ivanovi\u0107u su nagradu uru\u010dili D\u017eon Kreg, dugogodi\u0161nji ameri\u010dki diplomata i Debra Kejgan, politi\u010darka i nekada\u0161nja savjetnica D\u017eord\u017ea Bu\u0161a mla\u0111eg.<\/em><\/p><\/blockquote>\n","protected":false},"excerpt":{"rendered":"<p>Potpredsjednik Gra\u0111anskog pokreta URA  i ministar unutra\u0161njih poslova Filip Ad\u017ei\u0107 saop\u0161tio je danas da je predsjednik Crnogorskog helsin\u0161kog odbora za ljudska prava Miodrag Vlahovi\u0107 poku\u0161ao da sprije\u010di predsjednika Vlade Crne Gore Dritana Abazovi\u0107a i Vijesti da dobiju pozivnicu i nagradu Transatlantske liderske mre\u017ee (TLN).<\/p>\n","protected":false},"author":1,"featured_media":318339,"comment_status":"open","ping_status":"closed","sticky":false,"template":"","format":"standard","meta":{"_seopress_robots_primary_cat":"","_seopress_titles_title":"","_seopress_titles_desc":"","_seopress_robots_index":"","_et_pb_use_builder":"","_et_pb_old_content":"","_et_gb_content_width":"","inline_featured_image":false,"footnotes":""},"categories":[14],"tags":[],"class_list":["post-355464","post","type-post","status-publish","format-standard","has-post-thumbnail","hentry","category-vijesti"],"_links":{"self":[{"href":"https:\/\/www.pcnen.com\/portal\/wp-json\/wp\/v2\/posts\/355464","targetHints":{"allow":["GET"]}}],"collection":[{"href":"https:\/\/www.pcnen.com\/portal\/wp-json\/wp\/v2\/posts"}],"about":[{"href":"https:\/\/www.pcnen.com\/portal\/wp-json\/wp\/v2\/types\/post"}],"author":[{"embeddable":true,"href":"https:\/\/www.pcnen.com\/portal\/wp-json\/wp\/v2\/users\/1"}],"replies":[{"embeddable":true,"href":"https:\/\/www.pcnen.com\/portal\/wp-json\/wp\/v2\/comments?post=355464"}],"version-history":[{"count":5,"href":"https:\/\/www.pcnen.com\/portal\/wp-json\/wp\/v2\/posts\/355464\/revisions"}],"predecessor-version":[{"id":355471,"href":"https:\/\/www.pcnen.com\/portal\/wp-json\/wp\/v2\/posts\/355464\/revisions\/355471"}],"wp:featuredmedia":[{"embeddable":true,"href":"https:\/\/www.pcnen.com\/portal\/wp-json\/wp\/v2\/media\/318339"}],"wp:attachment":[{"href":"https:\/\/www.pcnen.com\/portal\/wp-json\/wp\/v2\/media?parent=355464"}],"wp:term":[{"taxonomy":"category","embeddable":true,"href":"https:\/\/www.pcnen.com\/portal\/wp-json\/wp\/v2\/categories?post=355464"},{"taxonomy":"post_tag","embeddable":true,"href":"https:\/\/www.pcnen.com\/portal\/wp-json\/wp\/v2\/tags?post=355464"}],"curies":[{"name":"wp","href":"https:\/\/api.w.org\/{rel}","templated":true}]}}