{"id":355458,"date":"2022-09-18T17:28:49","date_gmt":"2022-09-18T15:28:49","guid":{"rendered":"https:\/\/www.pcnen.com\/portal\/?p=355458"},"modified":"2022-09-18T17:28:49","modified_gmt":"2022-09-18T15:28:49","slug":"asp-vlada-da-saopsti-namjerava-li-da-sprovede-popis-do-kraja-godine","status":"publish","type":"post","link":"https:\/\/www.pcnen.com\/portal\/2022\/09\/18\/asp-vlada-da-saopsti-namjerava-li-da-sprovede-popis-do-kraja-godine\/","title":{"rendered":"ASP: Vlada da saop\u0161ti namjerava li da sprovede popis do kraja godine"},"content":{"rendered":"<p>Iz te nevladine organizacije su kazali da je Vlada, Prijedlogom rebalansa, projektovala dodatnih milion EUR za aktivnost popisa stanovni\u0161tva, doma\u0107instava i stanova.<\/p>\n<p>\u201eZbog \u010dega je du\u017ena da ukupnoj javnosti objavi da li to namjerava da do kraja ove godine zaista sprovede popis i u kom ta\u010dno vremenskom periodu\u201c, smatraju u ASP-u.<\/p>\n<p>To je, kako su naveli, posebno bitno imaju\u0107i u vidu, ne samo da se Vlada Dritana Abazovi\u0107a nalazi u tehni\u010dkom mandatu, jer je izgubila podr\u0161ku u parlamentu, ve\u0107 i aktuelnu izbornu kampanju za lokalne izbore u velikom broju crnogorskih gradova krajem oktobra, a uz mogu\u0107e i op\u0161te izbore u zemlji.<\/p>\n<p>Iz ASP-a su kazali da je, kada se tome dodaju uslovi ekstremne ukupne politi\u010dke i ekonomske krize u zemlji, manjinsko tehni\u010dka vlada obavezna da javnosti objelodani kada to namjerava da sprovede popis stanovni\u0161tva, prenosi Mina.<\/p>\n<p>\u201eDa li narednog mjeseca, kada su lokalni izbori u zemlji, u novembru ili decembru, kada \u0107e i uslovi za provo\u0111enje popisa zbog zimskog perioda svakako biti ote\u017eani\u201c, dodali su iz te NVO.<\/p>\n<p>Prema njihovim rije\u010dima, pravno, ali i politi\u010dki posmatrano, sama namjera da vlada, koja je u tehni\u010dkom mandatu, provodi popis stanovni\u0161tva, doma\u0107instava i stanova djeluje krajnje besprizorno.<\/p>\n<p>Vlada je, kako su naveli iz ASP-a, kod potro\u0161a\u010dke jedinice Uprava za statistiku, Prijedlogom rebalansa projektovala da je, u okviru programa Nacionalna statistika, potprograma Statisti\u010dka istra\u017eivanja, analize i informisanje, aktivnost Popis stanovni\u0161tva, doma\u0107instva i stanova, opredijeljeno dodatnih 1.026.676 EUR kako bi se obezbijedila nedostaju\u0107a sredstva za tu aktivnost.<\/p>\n<p>Kako se obrazla\u017ee, pove\u0107anje je uslovljeno rastom minimalne cijene rada, prosje\u010dne zarade u Crnoj Gori i stope inflacije.<\/p>\n<p>\u201eRanijim Bud\u017eetom za ovu godinu, ukupni rashodi Uprave za statistiku bili su na nivou od 4,64 miliona EUR, a Prijedlogom rebalansa bud\u017eeta se uve\u0107aju na 5,67 miliona\u201c, dodaje se u saop\u0161tenju ASP-a.<\/p>\n","protected":false},"excerpt":{"rendered":"<p>Akcija za socijalnu pravdu (ASP) pozvala je Vladu da saop\u0161ti namjerava li da do kraja godine sprovede popis u Crnoj Gori, s obzirom na to da je Prijedlogom rebalansa bud\u017eeta projektovano dodatnih milion EUR za te aktivnosti.<\/p>\n","protected":false},"author":1,"featured_media":354432,"comment_status":"open","ping_status":"closed","sticky":false,"template":"","format":"standard","meta":{"_seopress_robots_primary_cat":"","_seopress_titles_title":"","_seopress_titles_desc":"","_seopress_robots_index":"","_et_pb_use_builder":"","_et_pb_old_content":"","_et_gb_content_width":"","inline_featured_image":false,"footnotes":""},"categories":[14],"tags":[],"class_list":["post-355458","post","type-post","status-publish","format-standard","has-post-thumbnail","hentry","category-vijesti"],"_links":{"self":[{"href":"https:\/\/www.pcnen.com\/portal\/wp-json\/wp\/v2\/posts\/355458","targetHints":{"allow":["GET"]}}],"collection":[{"href":"https:\/\/www.pcnen.com\/portal\/wp-json\/wp\/v2\/posts"}],"about":[{"href":"https:\/\/www.pcnen.com\/portal\/wp-json\/wp\/v2\/types\/post"}],"author":[{"embeddable":true,"href":"https:\/\/www.pcnen.com\/portal\/wp-json\/wp\/v2\/users\/1"}],"replies":[{"embeddable":true,"href":"https:\/\/www.pcnen.com\/portal\/wp-json\/wp\/v2\/comments?post=355458"}],"version-history":[{"count":1,"href":"https:\/\/www.pcnen.com\/portal\/wp-json\/wp\/v2\/posts\/355458\/revisions"}],"predecessor-version":[{"id":355459,"href":"https:\/\/www.pcnen.com\/portal\/wp-json\/wp\/v2\/posts\/355458\/revisions\/355459"}],"wp:featuredmedia":[{"embeddable":true,"href":"https:\/\/www.pcnen.com\/portal\/wp-json\/wp\/v2\/media\/354432"}],"wp:attachment":[{"href":"https:\/\/www.pcnen.com\/portal\/wp-json\/wp\/v2\/media?parent=355458"}],"wp:term":[{"taxonomy":"category","embeddable":true,"href":"https:\/\/www.pcnen.com\/portal\/wp-json\/wp\/v2\/categories?post=355458"},{"taxonomy":"post_tag","embeddable":true,"href":"https:\/\/www.pcnen.com\/portal\/wp-json\/wp\/v2\/tags?post=355458"}],"curies":[{"name":"wp","href":"https:\/\/api.w.org\/{rel}","templated":true}]}}