{"id":355455,"date":"2022-09-18T16:10:43","date_gmt":"2022-09-18T14:10:43","guid":{"rendered":"https:\/\/www.pcnen.com\/portal\/?p=355455"},"modified":"2022-09-18T16:15:12","modified_gmt":"2022-09-18T14:15:12","slug":"parlamentarna-vecina-sjutra-opet-na-okupu","status":"publish","type":"post","link":"https:\/\/www.pcnen.com\/portal\/2022\/09\/18\/parlamentarna-vecina-sjutra-opet-na-okupu\/","title":{"rendered":"Parlamentarna ve\u0107ina sjutra opet na okupu"},"content":{"rendered":"<p>Predstavnici parlamentarne ve\u0107ine do sad su se sastajali vi\u0161e puta kako bi postigli dogovor o izboru mandatara i rukovodstva Skup\u0161tine, ali kona\u010dan sporazum jo\u0161 nije postignut.<\/p>\n<p>Kao mogu\u0107i mandatar pominjan je lider Demosa Miodrag Leki\u0107, ali i jo\u0161 neki predstavnici politi\u010dkih subjekata koji u\u010destvuju u pregovorima.<\/p>\n<p>Sastanak je posebno va\u017ean ako se ima u vidu da sjutra isti\u010de rok u kojem skup\u0161tinska ve\u0107ina treba da predlo\u017ei novog mandatara.<\/p>\n<blockquote class=\"wp-embedded-content\" data-secret=\"dPx2SebVg4\"><p><a href=\"https:\/\/www.pcnen.com\/portal\/2022\/09\/18\/mandic-nijesu-vise-u-pitanju-dani-nego-sati\/\">Mandi\u0107: Nijesu vi\u0161e u pitanju dani, nego sati<\/a><\/p><\/blockquote>\n<p><iframe loading=\"lazy\" class=\"wp-embedded-content\" sandbox=\"allow-scripts\" security=\"restricted\" style=\"position: absolute; clip: rect(1px, 1px, 1px, 1px);\" title=\"&#8220;Mandi\u0107: Nijesu vi\u0161e u pitanju dani, nego sati&#8221; &#8212; PCNEN\" src=\"https:\/\/www.pcnen.com\/portal\/2022\/09\/18\/mandic-nijesu-vise-u-pitanju-dani-nego-sati\/embed\/#?secret=zxGqvdu9D1#?secret=dPx2SebVg4\" data-secret=\"dPx2SebVg4\" width=\"600\" height=\"338\" frameborder=\"0\" marginwidth=\"0\" marginheight=\"0\" scrolling=\"no\"><\/iframe><\/p>\n","protected":false},"excerpt":{"rendered":"<p>Novi sastanak predstavnika parlamentarne ve\u0107ine o formiranju Vlade i sastavu novog skup\u0161tinskog rukovodstva bi\u0107e odr\u017ean sjutra u 10 \u010dasova, potvr\u0111eno je nezvani\u010dno portalu RTCG.<\/p>\n","protected":false},"author":1,"featured_media":303411,"comment_status":"open","ping_status":"closed","sticky":false,"template":"","format":"standard","meta":{"_seopress_robots_primary_cat":"","_seopress_titles_title":"","_seopress_titles_desc":"","_seopress_robots_index":"","_et_pb_use_builder":"","_et_pb_old_content":"","_et_gb_content_width":"","inline_featured_image":false,"footnotes":""},"categories":[14],"tags":[],"class_list":["post-355455","post","type-post","status-publish","format-standard","has-post-thumbnail","hentry","category-vijesti"],"_links":{"self":[{"href":"https:\/\/www.pcnen.com\/portal\/wp-json\/wp\/v2\/posts\/355455","targetHints":{"allow":["GET"]}}],"collection":[{"href":"https:\/\/www.pcnen.com\/portal\/wp-json\/wp\/v2\/posts"}],"about":[{"href":"https:\/\/www.pcnen.com\/portal\/wp-json\/wp\/v2\/types\/post"}],"author":[{"embeddable":true,"href":"https:\/\/www.pcnen.com\/portal\/wp-json\/wp\/v2\/users\/1"}],"replies":[{"embeddable":true,"href":"https:\/\/www.pcnen.com\/portal\/wp-json\/wp\/v2\/comments?post=355455"}],"version-history":[{"count":2,"href":"https:\/\/www.pcnen.com\/portal\/wp-json\/wp\/v2\/posts\/355455\/revisions"}],"predecessor-version":[{"id":355457,"href":"https:\/\/www.pcnen.com\/portal\/wp-json\/wp\/v2\/posts\/355455\/revisions\/355457"}],"wp:featuredmedia":[{"embeddable":true,"href":"https:\/\/www.pcnen.com\/portal\/wp-json\/wp\/v2\/media\/303411"}],"wp:attachment":[{"href":"https:\/\/www.pcnen.com\/portal\/wp-json\/wp\/v2\/media?parent=355455"}],"wp:term":[{"taxonomy":"category","embeddable":true,"href":"https:\/\/www.pcnen.com\/portal\/wp-json\/wp\/v2\/categories?post=355455"},{"taxonomy":"post_tag","embeddable":true,"href":"https:\/\/www.pcnen.com\/portal\/wp-json\/wp\/v2\/tags?post=355455"}],"curies":[{"name":"wp","href":"https:\/\/api.w.org\/{rel}","templated":true}]}}