{"id":355451,"date":"2022-09-18T14:48:17","date_gmt":"2022-09-18T12:48:17","guid":{"rendered":"https:\/\/www.pcnen.com\/portal\/?p=355451"},"modified":"2022-09-18T14:48:17","modified_gmt":"2022-09-18T12:48:17","slug":"tri-vanredne-sjednice-skupstine-do-kraja-septembra","status":"publish","type":"post","link":"https:\/\/www.pcnen.com\/portal\/2022\/09\/18\/tri-vanredne-sjednice-skupstine-do-kraja-septembra\/","title":{"rendered":"Tri vanredne sjednice skup\u0161tine do kraja septembra"},"content":{"rendered":"<p>Poslanici \u0107e u utorak ponovo glasati o predlogu za izbor \u010detiri \u010dlana Sudskog savjeta iz reda uglednih pravnika.<\/p>\n<p>To je drugo glasanje jer u prvom krugu nijedan od predlo\u017eenih kandidata nije dobio dvotre\u0107insku podr\u0161ku poslanika.<\/p>\n<p>Za izbor u drugom krugu potrebna je tropetinska podr\u0161ka poslanika, prenosi Mina.<\/p>\n<p>Odbor za politi\u010dki sistem, pravosu\u0111e i upravu predlo\u017eio je ranije da se za \u010dlanove Sudskog savjeta izaberu Neboj\u0161a Vu\u010dini\u010d, Radoje Kora\u0107, Dragan \u0160o\u0107 i Fikret Kurga\u0161.<\/p>\n<p>Na sjednici Skup\u0161tine 17. avgusta za izbor Kora\u0107a i Vu\u010dini\u0107a u Sudski savjet glasalo je po 49 poslanika, za Kurga\u0161a 45, a \u0160o\u0107a 43.<\/p>\n<p>Vanredna sjednica Skup\u0161tine na kojoj \u0107e biti imenovana OIK Zeta zakazana je za 22. septembar.<\/p>\n<p>Administrativni odbor predlo\u017eio je da za predsjednicu OIK-a bude izabrana Nela An\u0111u\u0161i\u0107, a za sekretaricu Tijana Trifunovi\u0107.<\/p>\n<p>Za \u010dlansove OIK-a predlo\u017eeni su Nada Uli\u0107evi\u0107, Veljko Kosti\u0107, Marina Stanovi\u0107 i Pavle Cavni\u0107.<\/p>\n<p>Prema odluci predsjednika Crne Gore Mila \u0110ukanovi\u0107a, izbori u novoosnovanoj op\u0161tini Zeta bi\u0107e odr\u017eani 23. oktobra.<\/p>\n<p>Crnogorski parlament odlu\u010dio je 16. avgusta da Zeta bude nova crnogorska op\u0161tina.<\/p>\n<p>Poslanici \u0107e na sjednici 28. septembra raspravljati o predlo\u017eenim izmjenama Zakona o bud\u017eetu za ovu godinu i Odluke o zadu\u017eivanju Crne Gore.<\/p>\n<p>Predlogom izmjena i dopuna Zakona o bud\u017eetu za ovu godinu planirani su rashodi u iznosu od 2,69 milijardi eura i u odnosu na prvobitni zakon ve\u0107i su 191,33 miliona eura ili 7,7 odsto.<\/p>\n","protected":false},"excerpt":{"rendered":"<p>Crnogorski parlament odr\u017ea\u0107e do kraja septembra tri vanredne sjednice na kojima \u0107e glasati o izboru \u010dlanova Sudskog savjeta, imenovanju Op\u0161tinske izborne komisije (OIK) Zeta i predlo\u017eenom rebalansu bud\u017eeta.<\/p>\n","protected":false},"author":1,"featured_media":0,"comment_status":"open","ping_status":"closed","sticky":false,"template":"","format":"standard","meta":{"_seopress_robots_primary_cat":"","_seopress_titles_title":"","_seopress_titles_desc":"","_seopress_robots_index":"","_et_pb_use_builder":"","_et_pb_old_content":"","_et_gb_content_width":"","inline_featured_image":false,"footnotes":""},"categories":[14],"tags":[],"class_list":["post-355451","post","type-post","status-publish","format-standard","hentry","category-vijesti"],"_links":{"self":[{"href":"https:\/\/www.pcnen.com\/portal\/wp-json\/wp\/v2\/posts\/355451","targetHints":{"allow":["GET"]}}],"collection":[{"href":"https:\/\/www.pcnen.com\/portal\/wp-json\/wp\/v2\/posts"}],"about":[{"href":"https:\/\/www.pcnen.com\/portal\/wp-json\/wp\/v2\/types\/post"}],"author":[{"embeddable":true,"href":"https:\/\/www.pcnen.com\/portal\/wp-json\/wp\/v2\/users\/1"}],"replies":[{"embeddable":true,"href":"https:\/\/www.pcnen.com\/portal\/wp-json\/wp\/v2\/comments?post=355451"}],"version-history":[{"count":1,"href":"https:\/\/www.pcnen.com\/portal\/wp-json\/wp\/v2\/posts\/355451\/revisions"}],"predecessor-version":[{"id":355452,"href":"https:\/\/www.pcnen.com\/portal\/wp-json\/wp\/v2\/posts\/355451\/revisions\/355452"}],"wp:attachment":[{"href":"https:\/\/www.pcnen.com\/portal\/wp-json\/wp\/v2\/media?parent=355451"}],"wp:term":[{"taxonomy":"category","embeddable":true,"href":"https:\/\/www.pcnen.com\/portal\/wp-json\/wp\/v2\/categories?post=355451"},{"taxonomy":"post_tag","embeddable":true,"href":"https:\/\/www.pcnen.com\/portal\/wp-json\/wp\/v2\/tags?post=355451"}],"curies":[{"name":"wp","href":"https:\/\/api.w.org\/{rel}","templated":true}]}}