{"id":355443,"date":"2022-09-18T12:35:07","date_gmt":"2022-09-18T10:35:07","guid":{"rendered":"https:\/\/www.pcnen.com\/portal\/?p=355443"},"modified":"2022-09-18T12:35:07","modified_gmt":"2022-09-18T10:35:07","slug":"mandic-nijesu-vise-u-pitanju-dani-nego-sati","status":"publish","type":"post","link":"https:\/\/www.pcnen.com\/portal\/2022\/09\/18\/mandic-nijesu-vise-u-pitanju-dani-nego-sati\/","title":{"rendered":"Mandi\u0107: Nijesu vi\u0161e u pitanju dani, nego sati"},"content":{"rendered":"<p>Tekst prenosimo u cjelosti<\/p>\n<p>Na\u0161a javnost je precizno uvidjela da smo razgovore po\u010deli te\u0161ko, optere\u0107eni nedavnim de\u0161avanjima i krupnim rije\u010dima izgovorenim u me\u0111usobnim optu\u017ebama, ali smo brzo postigli dogovor da ne gledamo unazad nego naprijed. Posao zbog kojeg smo se okupili nije izgledao previ\u0161e slo\u017een, nego jednostavan. I nametalo se logi\u010dno i prosto pitanje \u2013 ko \u0107e izabrati novu Vladu, mi koji smo pobijedili na izborima 2020. godine ili predsjednik DPS koji je izgubio te izbore?<\/p>\n<p>\u010cini mi se da smo se lako slo\u017eili da nemamo pravo da ono \u0161to je narod dao nama, dajemo onome kome je to narod oduzeo. Jednostavno, nama treba dogovor o Vladi koja \u0107e da pokrene Crnu Goru naprijed i nastavi borbu protiv kriminala i korupcije, a predsjedniku DPS da se ta Vlada ne izabere i taj pokret i borba zaustave.<\/p>\n<p>Usaglasili smo i potpisali politi\u010dki sporazum koji je regulisao me\u0111usobne odnose i precizirao zajedni\u010dke ciljeve. To je prvi politi\u010dki dokument koji obavje\u0161tava sve adrese koje se nalaze izvan politi\u010dkih struktura stranaka pobjednica izbora 2020. godine da se ne mije\u0161aju u na\u0161e odnose i unutra\u0161nja pitanja Crne Gore.<\/p>\n<p>No, i pored tog upozorenja, registrovali smo potrebu nekih izvanjaca da \u017eele da vladaju sudbinom ovog naroda i dr\u017eave i da nastave pogubnu praksu prekrajanja narodne volje za zadovoljenje vlastitih potreba. Neki su to radili tajno, koriste\u0107i kao glasnogovornike svoje ranije organizovane lokalne strukture, a oni drskiji uklju\u010dili su se i u otvorenu medijsku kampanju ru\u0161enja na\u0161eg politi\u010dkog sporazuma.<\/p>\n<p>Tako\u0111e smo kao osnov za formiranje Vlade dogovorili po\u0161tovanje demokratskih principa koji prvenstveno uva\u017eavaju rezultate izbora, ali ostavljaju\u0107i mogu\u0107nost za neke eventualne korekcije. U toku razgovora se ispostavilo da ovaj \u010dlan sporazuma nije ni najmanje uva\u017een od nekih potpisnika, nego se \u010dvrsto stajalo na stanovi\u0161tu da sva mjesta koja su imale kolege iz URE, CIVISA i SNP u Vladi Dritana Abazovi\u0107a, treba da i dalje ostanu politi\u010darima iz ovih stranaka.<\/p>\n<p>Mnogo smo argumenata u razgovorima razmijenili poku\u0161avaju\u0107i da do\u0111emo do politi\u010dke vlade koja uva\u017eava sve i ne odbacuje nikoga. I koja ne poni\u017eava bilo koga od politi\u010dkih subjekata. I uspjeli smo da napravimo nekoliko va\u017enih iskoraka u odnosu na po\u010detne pozicije. Naime, svi smo pristali da budu\u0107i mandatar bude predsjednik Demosa Miodrag Leki\u0107. To je va\u017ean i, po meni, preloman trenutak na\u0161ih razgovora.<\/p>\n<p>Vjerujem da kada jedanaest razli\u010ditih stranaka pobjednica parlamentarnih izbora postigne dogovor za budu\u0107eg premijera da je ostatak dogovora na dohvat ruke i da je vi\u0161e stvar dobre volje.<\/p>\n<p>Na\u017ealost, u na\u0161em slu\u010daju to nije bilo tako. Usvojena maksima da ,,ni\u0161ta nije dogovoreno dok sve ne dogovorimo\u201c poslu\u017eila je kao prikladan alat za nametanje \u201eeventualnih korekcija\u201c mnogo va\u017enijih od potpisanog principa podjele vlasti na osnovu snage politi\u010dkih subjekata iskazane na izborima 2020. godine. A potpisi na Sporazumu koji je tako definisao podjelu vlasti jo\u0161 se nisu ni osu\u0161ili.<\/p>\n<p>I pored toga, i uprkos kr\u0161enju onoga \u0161to se potpisalo, krenuli smo dalje da se dogovaramo, jer je ve\u0107ina svjesna trenutka i obaveza prema 30. avgustu i gra\u0111anima koji su nam dali glas da oslobodimo Crnu Goru.<\/p>\n<p>Dogovor je su\u0161tinski va\u017ean, ne samo za ovaj trenutak, ve\u0107 i za naredne izbore. Ako sada ne bude sporazuma, ko \u0107e od bira\u010da vjerovati da \u0107e ga biti nakon izbora? Ako sada, kada imamo jasnu ve\u0107inu, ne poka\u017eemo snagu da sprije\u010dimo povratak DPS, kako mislimo da vodimo kampanju zajedni\u0161tva i sprije\u010dimo to isto nakon izbora? Razmi\u0161ljaju\u0107i u ovim koordinatama, DF je donio odluku da prihvati ponudu koju su nam predstavnici URE i CIVISA saop\u0161tili kao njihov \u201eminimum\u201c u procesu dogovaranja.<\/p>\n<p>Naime, oni su tra\u017eili da broj \u010dlanova Vlade bude uspostavljen na paritetnoj osnovi, odnosno da polovina \u010dlanova bude birano iz njihovih redova, druga polovina od predstavnika svih drugih stranaka, a da budu\u0107i premijer Leki\u0107 ima, uslovno re\u010deno, \u201ezlatni glas\u201c pri dono\u0161enju odluka. Iako su na\u0161i zahtjevi bili i u procesu dogovaranja najmanji, kada se ra\u010duna snaga kojom treba da se izglasa nova Vlada, DF je donio odluku da to \u0161to mu prema broju glasova pripada i \u0161to mu je narod dao, svede na najni\u017eu mogu\u0107u mjeru i do\u0111e do onog minimalnog broja \u010dlanova Vlade koji bi omogu\u0107io da se ispune zahtjevi koje su nam ispostavili URA i CIVIS.<\/p>\n<p>Mi na\u0161u odgovornost izjedna\u010davamo s vlastitom snagom i ne pla\u0161imo se ni najmanje \u010dinjenice \u0161to \u0107e od DF ve\u0107i broj \u010dlanova vlade imati, ne samo koalicija \u201eCrno na bijelo\u201c, nego i koalicija \u201eMir je na\u0161a nacija\u201c. Na\u0161 cilj je da se DPS ne vrati na vlast, da pora\u017eeni ne bude pobjednik, a pobjednik pora\u017eeni zbog neke fotelje ili nadle\u017enosti. Mi na to ne pristajemo i zato smo donijeli ovakvu odluku.<\/p>\n<p>Ovaj stav sam prenio na\u0161im kolegama koje su u\u010destvovale u razgovorima i o\u010dekujem potvrdan odgovor. Vjerujem da kolege iz URE i CIVISA ne mogu biti sada protiv vlastitog predloga koji smo mi prihvatili.<\/p>\n<p>Procjenjujem da je va\u017eno da se zna da su svi poslanici Demokratskog fronta, Demokratske CG, Radni\u010dke partije, Ujedinjene CG, Prave CG i Demosa spremni odmah da potpi\u0161u predlog da Miodrag Leki\u0107 bude mandatar za sastav nove Vlade CG. O\u010dekujemo da se tim potpisima pridru\u017ee i potpisi URE, CIVISA i SNP kako bi, kao \u0161to smo i najavili predsjedniku CG, sjutra zatra\u017eili mandat za sastav nove Vlade.<\/p>\n<p>Vrijeme za dogovor nam isti\u010de, nisu vi\u0161e u pitanju dani, nego sati.<\/p>\n<p>Kolege iz URE, CIVISA i SNP-a, ja jo\u0161 ne gubim nadu u dogovor, jer vjerujem da svi znamo kolika je odgovornost na nama. Ne vjerujem da \u0107e se u ovom vremenu velikih promjena i jo\u0161 ve\u0107ih izazova neko pokazati nedostojnim predstavnikom naroda koji nas je glasao 2020. godine.<\/p>\n<p>Danas se pravi onaj va\u017ean izbor koji \u0107e su\u0161tinski obilje\u017eiti politi\u010dko djelovanje svakoga od nas pojedina\u010dno i odrediti budu\u0107nost na\u0161ih politi\u010dkih organizacija. Siguran sam da niko ne \u017eeli da bude prepoznat i prozvan kao \u010dovjek koji nije zaslu\u017eio narodno povjerenje.<\/p>\n<p>Ponavljam, nijesu vi\u0161e u pitanju dani, nego sati.<\/p>\n","protected":false},"excerpt":{"rendered":"<p>Andrija Mandi\u0107, predsjednik NSD i jedan od lidera DF-a objavio je na potalu Borba autorski tekst u kojem poziva na hitno predlaganje mandatara za sastav nove Vlade.<\/p>\n","protected":false},"author":1,"featured_media":353176,"comment_status":"open","ping_status":"closed","sticky":false,"template":"","format":"standard","meta":{"_seopress_robots_primary_cat":"","_seopress_titles_title":"","_seopress_titles_desc":"","_seopress_robots_index":"","_et_pb_use_builder":"","_et_pb_old_content":"","_et_gb_content_width":"","inline_featured_image":false,"footnotes":""},"categories":[14],"tags":[],"class_list":["post-355443","post","type-post","status-publish","format-standard","has-post-thumbnail","hentry","category-vijesti"],"_links":{"self":[{"href":"https:\/\/www.pcnen.com\/portal\/wp-json\/wp\/v2\/posts\/355443","targetHints":{"allow":["GET"]}}],"collection":[{"href":"https:\/\/www.pcnen.com\/portal\/wp-json\/wp\/v2\/posts"}],"about":[{"href":"https:\/\/www.pcnen.com\/portal\/wp-json\/wp\/v2\/types\/post"}],"author":[{"embeddable":true,"href":"https:\/\/www.pcnen.com\/portal\/wp-json\/wp\/v2\/users\/1"}],"replies":[{"embeddable":true,"href":"https:\/\/www.pcnen.com\/portal\/wp-json\/wp\/v2\/comments?post=355443"}],"version-history":[{"count":1,"href":"https:\/\/www.pcnen.com\/portal\/wp-json\/wp\/v2\/posts\/355443\/revisions"}],"predecessor-version":[{"id":355444,"href":"https:\/\/www.pcnen.com\/portal\/wp-json\/wp\/v2\/posts\/355443\/revisions\/355444"}],"wp:featuredmedia":[{"embeddable":true,"href":"https:\/\/www.pcnen.com\/portal\/wp-json\/wp\/v2\/media\/353176"}],"wp:attachment":[{"href":"https:\/\/www.pcnen.com\/portal\/wp-json\/wp\/v2\/media?parent=355443"}],"wp:term":[{"taxonomy":"category","embeddable":true,"href":"https:\/\/www.pcnen.com\/portal\/wp-json\/wp\/v2\/categories?post=355443"},{"taxonomy":"post_tag","embeddable":true,"href":"https:\/\/www.pcnen.com\/portal\/wp-json\/wp\/v2\/tags?post=355443"}],"curies":[{"name":"wp","href":"https:\/\/api.w.org\/{rel}","templated":true}]}}