{"id":355437,"date":"2022-09-18T12:13:46","date_gmt":"2022-09-18T10:13:46","guid":{"rendered":"https:\/\/www.pcnen.com\/portal\/?p=355437"},"modified":"2022-09-18T12:28:36","modified_gmt":"2022-09-18T10:28:36","slug":"dukanovic-ce-prisustvovati-sahrani-kraljice-elizabete-ii","status":"publish","type":"post","link":"https:\/\/www.pcnen.com\/portal\/2022\/09\/18\/dukanovic-ce-prisustvovati-sahrani-kraljice-elizabete-ii\/","title":{"rendered":"\u0110ukanovi\u0107 \u0107e prisustvovati sahrani kraljice Elizabete II"},"content":{"rendered":"<p>&#8220;Predsjednik i prva dama \u0107e po dolasku u London odati po\u010dast preminuloj kraljici u Vestminsterskoj palati nakon \u010dega \u0107e biti gosti na prijemu koji prire\u0111uje kralj \u010carls III za \u0161efove dr\u017eava i druge visoke zvanice iz cijelog svijeta&#8221;, saop\u0161tila je Slu\u017eba za informisanje Predsjednika Crne Gore.<\/p>\n<p>Zvani\u010dnici i predstavnici monarhija koji \u0107e prisustvovati sahrani kraljice Elizabete Druge pristi\u017eu u London, me\u0111u njima i ameri\u010dki predsjednik D\u017eozef Bajden.<\/p>\n<p>London se grozni\u010davo priprema za sjutra\u0161nju sahranu na koju dolaze pored ameri\u010dkog predsjednika njegov francuski kolega Emanuel Makron, predsjednica Evropske komisije Ursula fon der Lajen i predsjednik Evropskog savjeta \u0160arl Mi\u0161el.<\/p>\n<p>Tako\u0111e dolaze predsjednici Turske i Brazila Red\u017eep Tajip Erdogan i \u017dair Bolsonaro, japanski car Naruhito na svom prvom putovanju u inostranstvo od dolaska na tron 2019. godine, saudijski princ Mohamed Ben Salman.<\/p>\n<p>Pozvani su mnogi \u010delnici monarhija, me\u0111u kojima princ Albert od Monaka, \u0161panski kralj Felipe \u0160esti kao i njegov otac Huan Karlos Prvi koji je abdicirao 2014. i sada \u017eivi u egzilu u Ujedinjenim Arapskim Emiratima.<\/p>\n<p>To je prva dr\u017eavna sahrana od smrti premijera Vinstona \u010cer\u010dila 1965.<\/p>\n<p>Policija je navela da \u0107e obezbje\u0111enje sahrane biti zahtjevnije od obezbje\u0111enja Olimpijskih igara 2012. godine u Londonu. Na sahrani se o\u010dekuje oko 2.000 ljudi, od kojih nekoliko stotina lidera iz cijelog svijeta i \u010dlanova raznih monarhija.<\/p>\n","protected":false},"excerpt":{"rendered":"<p>Predsjednik Crne Gore Milo \u0110ukanovi\u0107 sa suprugom otputovao je u London gdje \u0107e sjutra prisustvovati dr\u017eavnoj sahrani kraljice Elizabete II u Vestminsterskoj opatiji.<\/p>\n","protected":false},"author":1,"featured_media":355366,"comment_status":"open","ping_status":"closed","sticky":false,"template":"","format":"standard","meta":{"_seopress_robots_primary_cat":"","_seopress_titles_title":"","_seopress_titles_desc":"","_seopress_robots_index":"","_et_pb_use_builder":"","_et_pb_old_content":"","_et_gb_content_width":"","inline_featured_image":false,"footnotes":""},"categories":[14],"tags":[],"class_list":["post-355437","post","type-post","status-publish","format-standard","has-post-thumbnail","hentry","category-vijesti"],"_links":{"self":[{"href":"https:\/\/www.pcnen.com\/portal\/wp-json\/wp\/v2\/posts\/355437","targetHints":{"allow":["GET"]}}],"collection":[{"href":"https:\/\/www.pcnen.com\/portal\/wp-json\/wp\/v2\/posts"}],"about":[{"href":"https:\/\/www.pcnen.com\/portal\/wp-json\/wp\/v2\/types\/post"}],"author":[{"embeddable":true,"href":"https:\/\/www.pcnen.com\/portal\/wp-json\/wp\/v2\/users\/1"}],"replies":[{"embeddable":true,"href":"https:\/\/www.pcnen.com\/portal\/wp-json\/wp\/v2\/comments?post=355437"}],"version-history":[{"count":5,"href":"https:\/\/www.pcnen.com\/portal\/wp-json\/wp\/v2\/posts\/355437\/revisions"}],"predecessor-version":[{"id":355442,"href":"https:\/\/www.pcnen.com\/portal\/wp-json\/wp\/v2\/posts\/355437\/revisions\/355442"}],"wp:featuredmedia":[{"embeddable":true,"href":"https:\/\/www.pcnen.com\/portal\/wp-json\/wp\/v2\/media\/355366"}],"wp:attachment":[{"href":"https:\/\/www.pcnen.com\/portal\/wp-json\/wp\/v2\/media?parent=355437"}],"wp:term":[{"taxonomy":"category","embeddable":true,"href":"https:\/\/www.pcnen.com\/portal\/wp-json\/wp\/v2\/categories?post=355437"},{"taxonomy":"post_tag","embeddable":true,"href":"https:\/\/www.pcnen.com\/portal\/wp-json\/wp\/v2\/tags?post=355437"}],"curies":[{"name":"wp","href":"https:\/\/api.w.org\/{rel}","templated":true}]}}