{"id":355425,"date":"2022-09-18T10:29:21","date_gmt":"2022-09-18T08:29:21","guid":{"rendered":"https:\/\/www.pcnen.com\/portal\/?p=355425"},"modified":"2022-09-18T12:07:44","modified_gmt":"2022-09-18T10:07:44","slug":"medenicin-tjelohranitelj-na-slobodi","status":"publish","type":"post","link":"https:\/\/www.pcnen.com\/portal\/2022\/09\/18\/medenicin-tjelohranitelj-na-slobodi\/","title":{"rendered":"Medeni\u010din tjelohranitelj na slobodi"},"content":{"rendered":"<p>\u201dOkrivljeni je pu\u0161ten iz pritvora jer je Vrhovni sud Crne Gore odbio predlog Specijalnog dr\u017eavnog tu\u017eila\u0161tva da mu produ\u017ei pritvor. Protiv takve odluke Vrhovnog suda nije dozvoljena \u017ealba\u201d, rekao je Radonji\u0107.<\/p>\n<p>Lalovi\u0107 je uhap\u0161en sredinom decembra pro\u0161le godine zbog sumnji da je u\u010desnik u organizaciji ranjavanja novinarke Olivere Laki\u0107 8. maja 2018. godine<\/p>\n<p>On je tada uhap\u0161en zajedno sa Nik\u0161i\u0107aninom Branislavom Karad\u017ei\u0107em, na osnovu transkripta razgovora prikupljenih sa aplikacije Skaj, koje su me\u0111unarodne partnerske slu\u017ebe dostavile Specijalnom dr\u017eavnom tu\u017eila\u0161tvu.<\/p>\n<p>Lalovi\u0107 je pred tu\u017eiteljkom Nata\u0161om Bo\u0161kovi\u0107 negirao navode krivi\u010dne prijave.<\/p>\n<p>Nekoliko mjeseci kasnije, krajem aprila ove godine ime Lalovi\u0107a se na\u0161lo i na krivi\u010dnoj prijavi protiv Milo\u0161a Medenice, sina biv\u0161e predsjednice Vrhovnog suda Vesne Medenice.<\/p>\n<p>Lalovi\u0107 je osumnji\u010denda je u\u010destvovao u \u0161vercu cigareta, kupovao velike koli\u010dine kokaina a \u0161to su istra\u017eitelji zaklju\u010dili iz transkripta Sky komunikacija.<\/p>\n<p>Lalovi\u0107 je kao slu\u017ebenik Sektora za obezbje\u0111enje li\u010dnosti i objekata i godinama je bio zadu\u017een za bezbjednost nekada\u0161nje predsjednice Vrhovnog suda Vesne Medenice.<\/p>\n","protected":false},"excerpt":{"rendered":"<p>Uhap\u0161eni policajac Darko Lalovi\u0107 iza\u0161ao je iz Istra\u017enog zatvora jer je Vrhovni sud odbio predlog Specijalnog dr\u017eavnog tu\u017eila\u0161tva (SDT) da mu produ\u017ei pritvor, kazao je portparol SDT-a, specijalni tu\u017eilac Vukas Radonji\u0107.<\/p>\n","protected":false},"author":1,"featured_media":0,"comment_status":"open","ping_status":"closed","sticky":false,"template":"","format":"standard","meta":{"_seopress_robots_primary_cat":"","_seopress_titles_title":"","_seopress_titles_desc":"","_seopress_robots_index":"","_et_pb_use_builder":"","_et_pb_old_content":"","_et_gb_content_width":"","inline_featured_image":false,"footnotes":""},"categories":[14],"tags":[],"class_list":["post-355425","post","type-post","status-publish","format-standard","hentry","category-vijesti"],"_links":{"self":[{"href":"https:\/\/www.pcnen.com\/portal\/wp-json\/wp\/v2\/posts\/355425","targetHints":{"allow":["GET"]}}],"collection":[{"href":"https:\/\/www.pcnen.com\/portal\/wp-json\/wp\/v2\/posts"}],"about":[{"href":"https:\/\/www.pcnen.com\/portal\/wp-json\/wp\/v2\/types\/post"}],"author":[{"embeddable":true,"href":"https:\/\/www.pcnen.com\/portal\/wp-json\/wp\/v2\/users\/1"}],"replies":[{"embeddable":true,"href":"https:\/\/www.pcnen.com\/portal\/wp-json\/wp\/v2\/comments?post=355425"}],"version-history":[{"count":3,"href":"https:\/\/www.pcnen.com\/portal\/wp-json\/wp\/v2\/posts\/355425\/revisions"}],"predecessor-version":[{"id":355436,"href":"https:\/\/www.pcnen.com\/portal\/wp-json\/wp\/v2\/posts\/355425\/revisions\/355436"}],"wp:attachment":[{"href":"https:\/\/www.pcnen.com\/portal\/wp-json\/wp\/v2\/media?parent=355425"}],"wp:term":[{"taxonomy":"category","embeddable":true,"href":"https:\/\/www.pcnen.com\/portal\/wp-json\/wp\/v2\/categories?post=355425"},{"taxonomy":"post_tag","embeddable":true,"href":"https:\/\/www.pcnen.com\/portal\/wp-json\/wp\/v2\/tags?post=355425"}],"curies":[{"name":"wp","href":"https:\/\/api.w.org\/{rel}","templated":true}]}}