{"id":355422,"date":"2022-09-17T21:58:19","date_gmt":"2022-09-17T19:58:19","guid":{"rendered":"https:\/\/www.pcnen.com\/portal\/?p=355422"},"modified":"2022-09-17T21:58:19","modified_gmt":"2022-09-17T19:58:19","slug":"vulin-nismo-dozvolili-europrajd-vec-sprovodenje-do-koncerta","status":"publish","type":"post","link":"https:\/\/www.pcnen.com\/portal\/2022\/09\/17\/vulin-nismo-dozvolili-europrajd-vec-sprovodenje-do-koncerta\/","title":{"rendered":"Vulin: Nismo dozvolili Europrajd, ve\u0107 sprovo\u0111enje do koncerta"},"content":{"rendered":"<p>\u201eKao \u0161to smo ranije saop\u0161tili, Ministarstvo unutra\u0161njih poslova nije dozvolilo \u0161etnju u\u010desnika Evroprajda 2022 Bulevarom kralja Aleksandra, ve\u0107 su pripadnici MUP-a sproveli u\u010desnike ove manifestacije od Ustavnog suda kroz Ta\u0161majdanski park do mesta odr\u017eavanja koncerta. Svi u\u010desnici ove manifestacije bezbedno su sprovedeni na koncert\u201c, izjavio je Vulin.Europrajd \u0161etnja odr\u017eana je u Beogradu popodnevnim \u010dasovima.<\/p>\n<p>U\u010desnici su ne\u0161to poslije 17.30 pro\u0161etali izmijenjenom trasom \u2013 od Ustavnog suda do stadiona Ta\u0161majdan gdje je odr\u017ean koncert.<\/p>\n<blockquote class=\"wp-embedded-content\" data-secret=\"k6SxQPa9bv\"><p><a href=\"https:\/\/www.pcnen.com\/portal\/2022\/09\/17\/odrzana-europrajd-setnja-slijedi-koncert-na-tasmajdanu\/\">Odr\u017eana Europrajd \u0161etnja, slijedi koncert na Ta\u0161majdanu<\/a><\/p><\/blockquote>\n<p><iframe loading=\"lazy\" class=\"wp-embedded-content\" sandbox=\"allow-scripts\" security=\"restricted\" style=\"position: absolute; clip: rect(1px, 1px, 1px, 1px);\" title=\"&#8220;Odr\u017eana Europrajd \u0161etnja, slijedi koncert na Ta\u0161majdanu&#8221; &#8212; PCNEN\" src=\"https:\/\/www.pcnen.com\/portal\/2022\/09\/17\/odrzana-europrajd-setnja-slijedi-koncert-na-tasmajdanu\/embed\/#?secret=jzYvr37p7V#?secret=k6SxQPa9bv\" data-secret=\"k6SxQPa9bv\" width=\"600\" height=\"338\" frameborder=\"0\" marginwidth=\"0\" marginheight=\"0\" scrolling=\"no\"><\/iframe><\/p>\n","protected":false},"excerpt":{"rendered":"<p>Ministar unutra\u0161njih poslova Srbije Aleksandar Vulin izjavio je da MUP, kao \u0161to je ranije saop\u0161teno, nije dozvolio \u0161etnju u\u010desnika Europrajda 2022., javlja N1<\/p>\n","protected":false},"author":1,"featured_media":349040,"comment_status":"open","ping_status":"closed","sticky":false,"template":"","format":"standard","meta":{"_seopress_robots_primary_cat":"","_seopress_titles_title":"","_seopress_titles_desc":"","_seopress_robots_index":"","_et_pb_use_builder":"","_et_pb_old_content":"","_et_gb_content_width":"","inline_featured_image":false,"footnotes":""},"categories":[14],"tags":[],"class_list":["post-355422","post","type-post","status-publish","format-standard","has-post-thumbnail","hentry","category-vijesti"],"_links":{"self":[{"href":"https:\/\/www.pcnen.com\/portal\/wp-json\/wp\/v2\/posts\/355422","targetHints":{"allow":["GET"]}}],"collection":[{"href":"https:\/\/www.pcnen.com\/portal\/wp-json\/wp\/v2\/posts"}],"about":[{"href":"https:\/\/www.pcnen.com\/portal\/wp-json\/wp\/v2\/types\/post"}],"author":[{"embeddable":true,"href":"https:\/\/www.pcnen.com\/portal\/wp-json\/wp\/v2\/users\/1"}],"replies":[{"embeddable":true,"href":"https:\/\/www.pcnen.com\/portal\/wp-json\/wp\/v2\/comments?post=355422"}],"version-history":[{"count":1,"href":"https:\/\/www.pcnen.com\/portal\/wp-json\/wp\/v2\/posts\/355422\/revisions"}],"predecessor-version":[{"id":355423,"href":"https:\/\/www.pcnen.com\/portal\/wp-json\/wp\/v2\/posts\/355422\/revisions\/355423"}],"wp:featuredmedia":[{"embeddable":true,"href":"https:\/\/www.pcnen.com\/portal\/wp-json\/wp\/v2\/media\/349040"}],"wp:attachment":[{"href":"https:\/\/www.pcnen.com\/portal\/wp-json\/wp\/v2\/media?parent=355422"}],"wp:term":[{"taxonomy":"category","embeddable":true,"href":"https:\/\/www.pcnen.com\/portal\/wp-json\/wp\/v2\/categories?post=355422"},{"taxonomy":"post_tag","embeddable":true,"href":"https:\/\/www.pcnen.com\/portal\/wp-json\/wp\/v2\/tags?post=355422"}],"curies":[{"name":"wp","href":"https:\/\/api.w.org\/{rel}","templated":true}]}}