{"id":355409,"date":"2022-09-17T18:38:14","date_gmt":"2022-09-17T16:38:14","guid":{"rendered":"https:\/\/www.pcnen.com\/portal\/?p=355409"},"modified":"2022-09-17T18:38:14","modified_gmt":"2022-09-17T16:38:14","slug":"odrzana-europrajd-setnja-slijedi-koncert-na-tasmajdanu","status":"publish","type":"post","link":"https:\/\/www.pcnen.com\/portal\/2022\/09\/17\/odrzana-europrajd-setnja-slijedi-koncert-na-tasmajdanu\/","title":{"rendered":"Odr\u017eana Europrajd \u0161etnja, slijedi koncert na Ta\u0161majdanu"},"content":{"rendered":"<p>Prethodno je, tokom dana, zabilje\u017eeno vi\u0161e incidenata sa protivnicima odr\u017eavanja te manifestacije, me\u0111u kojima je bilo vi\u0161e napada na novinare, kao i ga\u0111anje pripadnika policije bakljama.<\/p>\n<p>MUP Srbije je saop\u0161tio da je do 15 \u010dasova privedena 31 osoba zbog naru\u0161avanja javnog reda i mira.<\/p>\n<p>Protivnici \u0161etnje se trenutno u manjim grupama kre\u0107u ka Hramu svetog Save.<\/p>\n<p>Neposredno prije po\u010detka \u0161etnje na toj lokaciji je do\u0161lo i do manjeg incidenta kada je policija uhapsila grupu od pet mladi\u0107a, koji su \u017eeljeli da se probiju do u\u010desnika Evroprajda.<\/p>\n","protected":false},"excerpt":{"rendered":"<p>\u0160etnja pripadnika i simpatizera LGBTI populacije u okviru Europrajda, koja je po\u010dela ispred zgrade Ustavnog suda u centru Beograda, zavr\u0161ena je kod stadiona Ta\u0161majdan, bez ve\u0107ih incidenata.<\/p>\n","protected":false},"author":1,"featured_media":355410,"comment_status":"open","ping_status":"closed","sticky":false,"template":"","format":"standard","meta":{"_seopress_robots_primary_cat":"","_seopress_titles_title":"","_seopress_titles_desc":"","_seopress_robots_index":"","_et_pb_use_builder":"","_et_pb_old_content":"","_et_gb_content_width":"","inline_featured_image":false,"footnotes":""},"categories":[14],"tags":[],"class_list":["post-355409","post","type-post","status-publish","format-standard","has-post-thumbnail","hentry","category-vijesti"],"_links":{"self":[{"href":"https:\/\/www.pcnen.com\/portal\/wp-json\/wp\/v2\/posts\/355409","targetHints":{"allow":["GET"]}}],"collection":[{"href":"https:\/\/www.pcnen.com\/portal\/wp-json\/wp\/v2\/posts"}],"about":[{"href":"https:\/\/www.pcnen.com\/portal\/wp-json\/wp\/v2\/types\/post"}],"author":[{"embeddable":true,"href":"https:\/\/www.pcnen.com\/portal\/wp-json\/wp\/v2\/users\/1"}],"replies":[{"embeddable":true,"href":"https:\/\/www.pcnen.com\/portal\/wp-json\/wp\/v2\/comments?post=355409"}],"version-history":[{"count":1,"href":"https:\/\/www.pcnen.com\/portal\/wp-json\/wp\/v2\/posts\/355409\/revisions"}],"predecessor-version":[{"id":355411,"href":"https:\/\/www.pcnen.com\/portal\/wp-json\/wp\/v2\/posts\/355409\/revisions\/355411"}],"wp:featuredmedia":[{"embeddable":true,"href":"https:\/\/www.pcnen.com\/portal\/wp-json\/wp\/v2\/media\/355410"}],"wp:attachment":[{"href":"https:\/\/www.pcnen.com\/portal\/wp-json\/wp\/v2\/media?parent=355409"}],"wp:term":[{"taxonomy":"category","embeddable":true,"href":"https:\/\/www.pcnen.com\/portal\/wp-json\/wp\/v2\/categories?post=355409"},{"taxonomy":"post_tag","embeddable":true,"href":"https:\/\/www.pcnen.com\/portal\/wp-json\/wp\/v2\/tags?post=355409"}],"curies":[{"name":"wp","href":"https:\/\/api.w.org\/{rel}","templated":true}]}}