{"id":355404,"date":"2022-09-17T17:49:34","date_gmt":"2022-09-17T15:49:34","guid":{"rendered":"https:\/\/www.pcnen.com\/portal\/?p=355404"},"modified":"2022-09-17T17:51:43","modified_gmt":"2022-09-17T15:51:43","slug":"kurti-na-balkanu-ne-moze-biti-rata-bez-srbije-ali-ni-mira-bez-albanaca","status":"publish","type":"post","link":"https:\/\/www.pcnen.com\/portal\/2022\/09\/17\/kurti-na-balkanu-ne-moze-biti-rata-bez-srbije-ali-ni-mira-bez-albanaca\/","title":{"rendered":"Kurti: Na Balkanu ne mo\u017ee biti rata bez Srbije, ali ni mira bez Albanaca"},"content":{"rendered":"<p>Kurti ne isklju\u010duje ni mogu\u0107nost izbijanja rata na Kosovu jer na srpskoj strani granice izme\u0111u Kosova i Srbije ima \u010dak 48 naprednja\u010dkih ofenzivnih operativnih baza oko granice Kosova sa Srbijom od kojih je 28 vojnih, a 20 ih pripada \u017eandarmeriji.<\/p>\n<p>Smatra da bi bilo neodgovorno re\u0107i da ne\u0107e nikada biti konflikta, da vi\u0161e nikada ne\u0107e biti rata. Ako nema priprema za rat, Kurti postavlja pitanje za\u0161to su onda pro\u0161le godine Srbija i Rusija imale \u010dak 104 zajedni\u010dke vojne vje\u017ebe i aktivnosti, a planirale su 91. Od kojih su dvije najva\u017enije vojne vje\u017ebe nosile nazive &#8220;Slavenski \u0161tit&#8221; i &#8220;Slavensko bratstvo&#8221;.<\/p>\n<p>Izme\u0111u ostalog, Kurti je govorio i o tome za\u0161to se protivi osnivanju zajednice srpskih op\u0161tina, isti\u010du\u0107i da bi to bio uvod u stvaranje nove Republike Srpske. Posebno je naglasio da dokle god Srbi budu imali snove o Kosovu kao dijelu Srbije, ti \u0107e se snovi pretvarati u no\u0107ne more za Balkan, naglasiv\u0161i da na Balkanu ne mo\u017ee biti rata bez Srbije, ali ni mira bez Albanaca.<\/p>\n<p>Prema Kurtijevu mi\u0161ljenju, najopasnije je to \u0161to vodstvo Srbije smatra da je Rusija majka Srbiji te isti\u010de da su zato okolnosti na Balkanu pune rizika i strepnje.<\/p>\n<p><a href=\"https:\/\/www.kosovo-online.com\/intervjui\/kurti-kosovo-nije-kolevka-srbije-bilo-bi-neodgovorno-reci-da-vise-nikada-nece-biti-rata\">\u010cITAV INTERVJU<\/a><\/p>\n","protected":false},"excerpt":{"rendered":"<p>Premijer Kosova Aljbin Kurti u intervjuu za Ve\u010dernji list, je govorio o op\u0161toj situaciji na Kosovu i izrazio zabrinutost \u0161to Srbija sna\u017eno naoru\u017eava svoju vojsku opremom koju dobija iz Rusije i Kine u poku\u0161aju da se na Balkanu na neki na\u010din uspostaviti kao alternativa demokratskom Zapadu.<\/p>\n","protected":false},"author":1,"featured_media":355405,"comment_status":"open","ping_status":"closed","sticky":false,"template":"","format":"standard","meta":{"_seopress_robots_primary_cat":"","_seopress_titles_title":"","_seopress_titles_desc":"","_seopress_robots_index":"","_et_pb_use_builder":"","_et_pb_old_content":"","_et_gb_content_width":"","inline_featured_image":false,"footnotes":""},"categories":[14],"tags":[],"class_list":["post-355404","post","type-post","status-publish","format-standard","has-post-thumbnail","hentry","category-vijesti"],"_links":{"self":[{"href":"https:\/\/www.pcnen.com\/portal\/wp-json\/wp\/v2\/posts\/355404","targetHints":{"allow":["GET"]}}],"collection":[{"href":"https:\/\/www.pcnen.com\/portal\/wp-json\/wp\/v2\/posts"}],"about":[{"href":"https:\/\/www.pcnen.com\/portal\/wp-json\/wp\/v2\/types\/post"}],"author":[{"embeddable":true,"href":"https:\/\/www.pcnen.com\/portal\/wp-json\/wp\/v2\/users\/1"}],"replies":[{"embeddable":true,"href":"https:\/\/www.pcnen.com\/portal\/wp-json\/wp\/v2\/comments?post=355404"}],"version-history":[{"count":3,"href":"https:\/\/www.pcnen.com\/portal\/wp-json\/wp\/v2\/posts\/355404\/revisions"}],"predecessor-version":[{"id":355408,"href":"https:\/\/www.pcnen.com\/portal\/wp-json\/wp\/v2\/posts\/355404\/revisions\/355408"}],"wp:featuredmedia":[{"embeddable":true,"href":"https:\/\/www.pcnen.com\/portal\/wp-json\/wp\/v2\/media\/355405"}],"wp:attachment":[{"href":"https:\/\/www.pcnen.com\/portal\/wp-json\/wp\/v2\/media?parent=355404"}],"wp:term":[{"taxonomy":"category","embeddable":true,"href":"https:\/\/www.pcnen.com\/portal\/wp-json\/wp\/v2\/categories?post=355404"},{"taxonomy":"post_tag","embeddable":true,"href":"https:\/\/www.pcnen.com\/portal\/wp-json\/wp\/v2\/tags?post=355404"}],"curies":[{"name":"wp","href":"https:\/\/api.w.org\/{rel}","templated":true}]}}