{"id":355373,"date":"2022-09-17T10:13:45","date_gmt":"2022-09-17T08:13:45","guid":{"rendered":"https:\/\/www.pcnen.com\/portal\/?p=355373"},"modified":"2022-09-17T10:13:45","modified_gmt":"2022-09-17T08:13:45","slug":"europrajd-sud-odbio-tuzbu-ostala-zabrana-setnje","status":"publish","type":"post","link":"https:\/\/www.pcnen.com\/portal\/2022\/09\/17\/europrajd-sud-odbio-tuzbu-ostala-zabrana-setnje\/","title":{"rendered":"Europrajd: Sud odbio tu\u017ebu, ostala zabrana \u0161etnje"},"content":{"rendered":"<p>U odluci, objavljenoj na sajtu suda, navodi se da je pravilno odbijena \u017ealba tu\u017eioca kao neosnovana, te da je prvostepeni organ pravilno primijenio propise na osnovu nesumnjivo utvr\u0111enih \u010dinjenica i \u010dinjeni\u010dnog stanja.<\/p>\n<p>MUP Srbije zabranio je prethodno \u0161etnju iz bezbjednosnih razloga i odbacio \u017ealbu organizatora &#8220;Europrajda&#8221; na ovu odluku, prenosi Srna.<\/p>\n<p>MUP tako\u0111e iz bezbjednosnih razloga nije odobrio ni okupljanje u znak protesta protiv odr\u017eavanja ove manifestacije u Beogradu.<\/p>\n<p>Organizatori &#8220;Europrajda&#8221; su uprkos svemu najavili danas u 17.00 \u010dasova skra\u0107enu \u0161etnju od Ustavnog suda, odakle \u0107e nastaviti Bulevarom kralja Aleksandara, Beogradskom, Ilije Gara\u0161anina do Ta\u0161majdana, gdje \u0107e biti organizovan koncert.<\/p>\n<p>Predsjednik Srbije Aleksandar Vu\u010di\u0107 rekao je ranije da misli da \u0107e se u Srbiji po\u0161tovati zakon i odluka MUP Srbije.<\/p>\n<p>&#8220;Ne\u0107u da se bavim pokvareno nametnutom temom srpskom narodu koju name\u0107u i oni koji su za i oni koji su protiv kao da je u pitanju \u017eivot i smrt, svi zajedno u\u010destvuju u hibridnom ratu protiv svoje zemlje&#8221;, rekao je Vu\u010di\u0107.<\/p>\n","protected":false},"excerpt":{"rendered":"<p>Upravni sud u Beogradu odbio je tu\u017ebu organizatora &#8220;Europrajda&#8221; podnesenu protiv MUP-a Srbije, zbog odluke o zabrani \u0161etnje predvi\u0111ene u okviru ove manifestacije.<\/p>\n","protected":false},"author":1,"featured_media":353801,"comment_status":"open","ping_status":"closed","sticky":false,"template":"","format":"standard","meta":{"_seopress_robots_primary_cat":"","_seopress_titles_title":"","_seopress_titles_desc":"","_seopress_robots_index":"","_et_pb_use_builder":"","_et_pb_old_content":"","_et_gb_content_width":"","inline_featured_image":false,"footnotes":""},"categories":[14],"tags":[],"class_list":["post-355373","post","type-post","status-publish","format-standard","has-post-thumbnail","hentry","category-vijesti"],"_links":{"self":[{"href":"https:\/\/www.pcnen.com\/portal\/wp-json\/wp\/v2\/posts\/355373","targetHints":{"allow":["GET"]}}],"collection":[{"href":"https:\/\/www.pcnen.com\/portal\/wp-json\/wp\/v2\/posts"}],"about":[{"href":"https:\/\/www.pcnen.com\/portal\/wp-json\/wp\/v2\/types\/post"}],"author":[{"embeddable":true,"href":"https:\/\/www.pcnen.com\/portal\/wp-json\/wp\/v2\/users\/1"}],"replies":[{"embeddable":true,"href":"https:\/\/www.pcnen.com\/portal\/wp-json\/wp\/v2\/comments?post=355373"}],"version-history":[{"count":1,"href":"https:\/\/www.pcnen.com\/portal\/wp-json\/wp\/v2\/posts\/355373\/revisions"}],"predecessor-version":[{"id":355374,"href":"https:\/\/www.pcnen.com\/portal\/wp-json\/wp\/v2\/posts\/355373\/revisions\/355374"}],"wp:featuredmedia":[{"embeddable":true,"href":"https:\/\/www.pcnen.com\/portal\/wp-json\/wp\/v2\/media\/353801"}],"wp:attachment":[{"href":"https:\/\/www.pcnen.com\/portal\/wp-json\/wp\/v2\/media?parent=355373"}],"wp:term":[{"taxonomy":"category","embeddable":true,"href":"https:\/\/www.pcnen.com\/portal\/wp-json\/wp\/v2\/categories?post=355373"},{"taxonomy":"post_tag","embeddable":true,"href":"https:\/\/www.pcnen.com\/portal\/wp-json\/wp\/v2\/tags?post=355373"}],"curies":[{"name":"wp","href":"https:\/\/api.w.org\/{rel}","templated":true}]}}