{"id":355371,"date":"2022-09-17T09:46:41","date_gmt":"2022-09-17T07:46:41","guid":{"rendered":"https:\/\/www.pcnen.com\/portal\/?p=355371"},"modified":"2022-09-17T09:46:41","modified_gmt":"2022-09-17T07:46:41","slug":"skracenje-mandata-umjesto-mandatara","status":"publish","type":"post","link":"https:\/\/www.pcnen.com\/portal\/2022\/09\/17\/skracenje-mandata-umjesto-mandatara\/","title":{"rendered":"Skra\u0107enje mandata umjesto mandatara?"},"content":{"rendered":"<p>Prema Ustavu Crne Gore, o skra\u0107enju mandata odlu\u010duje Skup\u0161tina, ve\u0107inom glasova svih poslanika &#8211; ukupno 41 glas.<\/p>\n<p>U slu\u010daju da parlamentarci to izglasaju, \u0161ef dr\u017eave bi\u0107e, po Zakonu o izboru odbornika i poslanika, u obavezi da dan nakon stupanja te odluke na snagu, raspi\u0161e prijevremene izbore.<\/p>\n<p>Prema odredbama istog zakona, od raspisivanja do odr\u017eavanja izbora, ne mo\u017ee prote\u0107i manje od 60, ni vi\u0161e od 100 dana.<\/p>\n<p>Ustavom nije propisano \u0161ta se de\u0161ava ako predsjednik ne predlo\u017ei mandatara, ali je Vijestima iz Udru\u017eenja pravnika Crne Gore nezvani\u010dno poja\u0161njeno da bi najizglednije bilo da on, ako do\u0111e do te situacije, primijeni ustavnu odredbu kojom mo\u017ee zatra\u017eiti skra\u0107enje mandata parlamentu.<\/p>\n<p>Iz Udru\u017eenja pravnika ka\u017eu da \u0161ef dr\u017eave, ako ga partije ne uvjere da imaju podr\u0161ku za izbor vlade, ne mo\u017ee raspustiti Skup\u0161tinu, jer se to, prema Ustavu, mo\u017ee u\u010diniti ako ona ne izabere vladu u roku od 90 dana od kad on predlo\u017ei mandatara.<\/p>\n<p>Jedan izvor Vijesti tvrdi da \u0110ukanovi\u0107 ne razmi\u0161lja o raspu\u0161tanju parlamenta, jer bi to, kako je rekao, uvelo dr\u017eavu u dodatni institucionalni haos.<\/p>\n<p>\u0110ukanovi\u0107 je ju\u010de razgovarao s predstavnicima Socijaldemokratske partije (SDP), Socijaldemokrata (SD), Bo\u0161nja\u010dke stranke (BS), Liberalne partije i liderima albanskih stranaka. Iz SDP-a i SD-a su poru\u010dili da su vanredni izbori rje\u0161enje trenutnih politi\u010dkih prilika, dok je lider BS-a Ervin Ibrahimovi\u0107 naveo da je njegova partija spremna za izbore, ali da bi on \u201cvolio da se konstitui\u0161e ve\u0107ina bez izbora\u201d.<\/p>\n<p>Ni sedmi sastanak biv\u0161e ve\u0107ine nije donio pomak u pregovorima o izboru nove vlasti, niti su te partije poslale \u0110ukanovi\u0107u 41 potpis podr\u0161ke predlogu da lider Demosa Miodrag Leki\u0107 bude mandatar, \u0161to su bile usaglasile u srijedu.<\/p>\n","protected":false},"excerpt":{"rendered":"<p>Predsjednik Crne Gore Milo \u0110ukanovi\u0107 vjerovatno \u0107e tra\u017eiti skra\u0107enje mandata parlamentu ako nijedna partija do ponedjeljka, kad isti\u010de rok do koga on mora predlo\u017eiti mandatara, ne obezbijedi podr\u0161ku potrebnu za formiranje vlade, re\u010deno je Vijestima re\u010deno iz vi\u0161e izvora, jer je Ustav neprecizan u tom dijelu.<\/p>\n","protected":false},"author":1,"featured_media":331782,"comment_status":"open","ping_status":"closed","sticky":false,"template":"","format":"standard","meta":{"_seopress_robots_primary_cat":"","_seopress_titles_title":"","_seopress_titles_desc":"","_seopress_robots_index":"","_et_pb_use_builder":"","_et_pb_old_content":"","_et_gb_content_width":"","inline_featured_image":false,"footnotes":""},"categories":[14],"tags":[],"class_list":["post-355371","post","type-post","status-publish","format-standard","has-post-thumbnail","hentry","category-vijesti"],"_links":{"self":[{"href":"https:\/\/www.pcnen.com\/portal\/wp-json\/wp\/v2\/posts\/355371","targetHints":{"allow":["GET"]}}],"collection":[{"href":"https:\/\/www.pcnen.com\/portal\/wp-json\/wp\/v2\/posts"}],"about":[{"href":"https:\/\/www.pcnen.com\/portal\/wp-json\/wp\/v2\/types\/post"}],"author":[{"embeddable":true,"href":"https:\/\/www.pcnen.com\/portal\/wp-json\/wp\/v2\/users\/1"}],"replies":[{"embeddable":true,"href":"https:\/\/www.pcnen.com\/portal\/wp-json\/wp\/v2\/comments?post=355371"}],"version-history":[{"count":1,"href":"https:\/\/www.pcnen.com\/portal\/wp-json\/wp\/v2\/posts\/355371\/revisions"}],"predecessor-version":[{"id":355372,"href":"https:\/\/www.pcnen.com\/portal\/wp-json\/wp\/v2\/posts\/355371\/revisions\/355372"}],"wp:featuredmedia":[{"embeddable":true,"href":"https:\/\/www.pcnen.com\/portal\/wp-json\/wp\/v2\/media\/331782"}],"wp:attachment":[{"href":"https:\/\/www.pcnen.com\/portal\/wp-json\/wp\/v2\/media?parent=355371"}],"wp:term":[{"taxonomy":"category","embeddable":true,"href":"https:\/\/www.pcnen.com\/portal\/wp-json\/wp\/v2\/categories?post=355371"},{"taxonomy":"post_tag","embeddable":true,"href":"https:\/\/www.pcnen.com\/portal\/wp-json\/wp\/v2\/tags?post=355371"}],"curies":[{"name":"wp","href":"https:\/\/api.w.org\/{rel}","templated":true}]}}