{"id":355361,"date":"2022-09-16T20:39:44","date_gmt":"2022-09-16T18:39:44","guid":{"rendered":"https:\/\/www.pcnen.com\/portal\/?p=355361"},"modified":"2022-09-16T20:39:44","modified_gmt":"2022-09-16T18:39:44","slug":"povremeno-kisa-pljuskovi-i-grmljavina-6","status":"publish","type":"post","link":"https:\/\/www.pcnen.com\/portal\/2022\/09\/16\/povremeno-kisa-pljuskovi-i-grmljavina-6\/","title":{"rendered":"Povremeno ki\u0161a, pljuskovi i grmljavina"},"content":{"rendered":"<p>U sjevernim krajevima Crne Gore \u010de\u0161\u0107e i intenzivnije padavine o\u010dekuju se u popodnevnim satima.<\/p>\n<p>Vjetar ju\u017enih smjerova \u0107e mjestimi\u010dno biti umjeren do poja\u010dan, a na udare i jak. Tokom no\u0107i po\u010de\u0107e duvati sa sjevera.<\/p>\n<p>Jutarnja temperatura vazduha bi\u0107ee u rasponu od 11 do 21, a najvi\u0161a dnevna od 16 do 25 stepeni.<\/p>\n<p>U Podgorici bi\u0107e prete\u017eno obla\u010dno, povremeno sa ki\u0161om, pljuskovima i grmljavinom.<\/p>\n<p>Vjetar ju\u017eni bi\u0107e uglavnom slab i umjeren, a ponekad i poja\u010dan; u no\u0107nim satima dva\u0107e poja\u010dano sa sjevera i sjeveroistoka.<\/p>\n<p>Jutarnja temperatura vazduha bi\u0107e 20, a najvi\u0161a dnevna oko 23 stepena.<\/p>\n<p><a href=\"http:\/\/www.meteo.co.me\/page.php?id=31\" target=\"_blank\" rel=\"noopener\">Ra\u010dunarska prognoza.<\/a><\/p>\n","protected":false},"excerpt":{"rendered":"<p>Lokalno su mogu\u0107e i kratkotrajne vremenske nepogode.<\/p>\n","protected":false},"author":1,"featured_media":305633,"comment_status":"open","ping_status":"closed","sticky":false,"template":"","format":"standard","meta":{"_seopress_robots_primary_cat":"","_seopress_titles_title":"","_seopress_titles_desc":"","_seopress_robots_index":"","_et_pb_use_builder":"","_et_pb_old_content":"","_et_gb_content_width":"","inline_featured_image":false,"footnotes":""},"categories":[14],"tags":[],"class_list":["post-355361","post","type-post","status-publish","format-standard","has-post-thumbnail","hentry","category-vijesti"],"_links":{"self":[{"href":"https:\/\/www.pcnen.com\/portal\/wp-json\/wp\/v2\/posts\/355361","targetHints":{"allow":["GET"]}}],"collection":[{"href":"https:\/\/www.pcnen.com\/portal\/wp-json\/wp\/v2\/posts"}],"about":[{"href":"https:\/\/www.pcnen.com\/portal\/wp-json\/wp\/v2\/types\/post"}],"author":[{"embeddable":true,"href":"https:\/\/www.pcnen.com\/portal\/wp-json\/wp\/v2\/users\/1"}],"replies":[{"embeddable":true,"href":"https:\/\/www.pcnen.com\/portal\/wp-json\/wp\/v2\/comments?post=355361"}],"version-history":[{"count":1,"href":"https:\/\/www.pcnen.com\/portal\/wp-json\/wp\/v2\/posts\/355361\/revisions"}],"predecessor-version":[{"id":355362,"href":"https:\/\/www.pcnen.com\/portal\/wp-json\/wp\/v2\/posts\/355361\/revisions\/355362"}],"wp:featuredmedia":[{"embeddable":true,"href":"https:\/\/www.pcnen.com\/portal\/wp-json\/wp\/v2\/media\/305633"}],"wp:attachment":[{"href":"https:\/\/www.pcnen.com\/portal\/wp-json\/wp\/v2\/media?parent=355361"}],"wp:term":[{"taxonomy":"category","embeddable":true,"href":"https:\/\/www.pcnen.com\/portal\/wp-json\/wp\/v2\/categories?post=355361"},{"taxonomy":"post_tag","embeddable":true,"href":"https:\/\/www.pcnen.com\/portal\/wp-json\/wp\/v2\/tags?post=355361"}],"curies":[{"name":"wp","href":"https:\/\/api.w.org\/{rel}","templated":true}]}}