{"id":355332,"date":"2022-09-16T13:24:32","date_gmt":"2022-09-16T11:24:32","guid":{"rendered":"https:\/\/www.pcnen.com\/portal\/?p=355332"},"modified":"2022-09-16T13:24:32","modified_gmt":"2022-09-16T11:24:32","slug":"danilovic-dokazujemo-da-ne-zasluzujemo-da-vodimo-drzavu","status":"publish","type":"post","link":"https:\/\/www.pcnen.com\/portal\/2022\/09\/16\/danilovic-dokazujemo-da-ne-zasluzujemo-da-vodimo-drzavu\/","title":{"rendered":"Danilovi\u0107: Dokazujemo da ne zaslu\u017eujemo da vodimo dr\u017eavu"},"content":{"rendered":"<p>\u201cJesam li ja u dobrom zdravlju i zdravoj pameti da ne mogu da popi\u0161em, ako ve\u0107 ne mogu da zapamtim \u0161ta je ko tra\u017eio\u201d, kazao je Danilovi\u0107 i dodao da je ostala jo\u0161 jedna opcija.<\/p>\n<p>\u201cNijesmo ovo do sad probali, mo\u017eda nam se i posre\u0107i da se dogovorimo i po\u0161tom. Koliko je kome stalo do ovih pregovora pokazuje i ovo u kakvom tu\u017enom raspolo\u017eenju molimo nekoga da se vrati, ja moram da vam budem iskren niti ga molim da se vrati niti insistiram\u201d, poru\u010dio je lider UCG.<\/p>\n<p>\u201cTu smo jo\u0161 danas dok ne popadamo u nesvijest od svih kombinatorika i planova\u201d, ka\u017ee Danilovi\u0107 i dodaje da se tako politika ne vodi.<\/p>\n<p>\u201cMi dokazujemo da ne zaslu\u017eujemo da vodimo dr\u017eavu, valjda data rije\u010d sino\u0107 ili jutros va\u017ei i sat vremena poslije toga. Na kraju potpisali smo ne\u0161to\u201d, naveo je Danilovi\u0107.<\/p>\n<p>On navodi i da UCG nije i ne\u0107e biti smetnja dogovoru jedino su, kako ka\u017ee, za principijelnost.<\/p>\n<p>\u201cSve \u0161to su predlo\u017eili smo na kraju prihvatili. Ostalo je na kraju da stavimo potpis, ali toga nema pa je ostalo da se izdijelimo i vidimo ko \u0161ta da dobija\u201d, zaklju\u010dio je Danilovi\u0107.<\/p>\n","protected":false},"excerpt":{"rendered":"<p>Lider Ujedinjene Crne Gore Goran Danilovi\u0107 kazao je, nakon sastanka parlamentarne ve\u0107ine, da su na\u010dinom vo\u0111enja pregovora o formiranju vlade, pokazali da ne zaslu\u017euju da vode dr\u017eavu.<\/p>\n","protected":false},"author":1,"featured_media":294519,"comment_status":"open","ping_status":"closed","sticky":false,"template":"","format":"standard","meta":{"_seopress_robots_primary_cat":"","_seopress_titles_title":"","_seopress_titles_desc":"","_seopress_robots_index":"","_et_pb_use_builder":"","_et_pb_old_content":"","_et_gb_content_width":"","inline_featured_image":false,"footnotes":""},"categories":[14],"tags":[],"class_list":["post-355332","post","type-post","status-publish","format-standard","has-post-thumbnail","hentry","category-vijesti"],"_links":{"self":[{"href":"https:\/\/www.pcnen.com\/portal\/wp-json\/wp\/v2\/posts\/355332","targetHints":{"allow":["GET"]}}],"collection":[{"href":"https:\/\/www.pcnen.com\/portal\/wp-json\/wp\/v2\/posts"}],"about":[{"href":"https:\/\/www.pcnen.com\/portal\/wp-json\/wp\/v2\/types\/post"}],"author":[{"embeddable":true,"href":"https:\/\/www.pcnen.com\/portal\/wp-json\/wp\/v2\/users\/1"}],"replies":[{"embeddable":true,"href":"https:\/\/www.pcnen.com\/portal\/wp-json\/wp\/v2\/comments?post=355332"}],"version-history":[{"count":1,"href":"https:\/\/www.pcnen.com\/portal\/wp-json\/wp\/v2\/posts\/355332\/revisions"}],"predecessor-version":[{"id":355333,"href":"https:\/\/www.pcnen.com\/portal\/wp-json\/wp\/v2\/posts\/355332\/revisions\/355333"}],"wp:featuredmedia":[{"embeddable":true,"href":"https:\/\/www.pcnen.com\/portal\/wp-json\/wp\/v2\/media\/294519"}],"wp:attachment":[{"href":"https:\/\/www.pcnen.com\/portal\/wp-json\/wp\/v2\/media?parent=355332"}],"wp:term":[{"taxonomy":"category","embeddable":true,"href":"https:\/\/www.pcnen.com\/portal\/wp-json\/wp\/v2\/categories?post=355332"},{"taxonomy":"post_tag","embeddable":true,"href":"https:\/\/www.pcnen.com\/portal\/wp-json\/wp\/v2\/tags?post=355332"}],"curies":[{"name":"wp","href":"https:\/\/api.w.org\/{rel}","templated":true}]}}