{"id":355315,"date":"2022-09-16T11:11:52","date_gmt":"2022-09-16T09:11:52","guid":{"rendered":"https:\/\/www.pcnen.com\/portal\/?p=355315"},"modified":"2022-09-16T11:11:52","modified_gmt":"2022-09-16T09:11:52","slug":"rusija-nije-pozvana-na-sahranu-kraljice-elizabete","status":"publish","type":"post","link":"https:\/\/www.pcnen.com\/portal\/2022\/09\/16\/rusija-nije-pozvana-na-sahranu-kraljice-elizabete\/","title":{"rendered":"Rusija nije pozvana na sahranu kraljice Elizabete"},"content":{"rendered":"<p>Bakingemska palata saop\u0161tila je 15. septembra da odre\u0111ene dr\u017eave, uklju\u010dujuc\u0301i Rusiju, Belorusiju, Avganistan, Burmu i Siriju, nisu pozvane na dr\u017eavnu sahranu Elizabete, koja je umrla 8. septembra u 96. godini nakon 70 godina na tronu.<\/p>\n<p>&#8220;Smatramo ovaj britanski poku\u0161aj da se nacionalna tragedija, koja je dirnula srca miliona ljudi \u0161irom sveta, iskoristi u geopoliti\u010dke svrhe za obra\u010dun sa na\u0161om zemljom&#8230; kao duboko nemoralan&#8221;, navela je u saop\u0161tenju portparolka ruskog ministarstva Marija Zaharova, prenosi RSE.<\/p>\n<p>Ruski predsednik Vladimir Putin poslao je telegram sau\u010de\u0161c\u0301a kralju \u010carlsu III nakon \u0161to je palata objavila da je umrla kraljica, rekao je portparol Kremlja Dmitrij Peskov 14. septembra.<\/p>\n<p>&#8220;Predsjednik nije imao prvobitne planove da u\u010destvuje u bilo kom memorijalu ili bilo kojoj drugoj ceremoniji&#8221;, rekao je tada Peskov upitan da li je Putin pozvan na sahranu.<\/p>\n<p>Istovremeno je grupa britanskih parlamentaraca izrazila zabrinutost \u0161to je Kina pozvana na kralji\u010dinu sahranu.<\/p>\n<p>Konzervativni poslanik Tim Loughton rekao je za BBC da bi poziv Kini trebalo da bude povu\u010den, navodec\u0301i kao razlog kr\u0161enje ljudskih prava u zemlji i tretman Ujgura u njenom zapadnom regionu Sin\u0111ang.<\/p>\n<p>Nije jasno da li c\u0301e kineski predsjednik Si \u0110inping, koji se trenutno nalazi u Uzbekistanu, prisustvovati dr\u017eavnoj sahrani kraljice.<\/p>\n<p>Ameri\u010dki predsjednik D\u017eo Bajden, francuski predsednik Emanuel Makron, kanadski premijer D\u017eastin Trudo, australijski premijer Entoni Albaneze i japanski car Naruhito su me\u0111u svjetskim liderima koji su potvrdili prisustvo na sahrani 19. septembra.<\/p>\n","protected":false},"excerpt":{"rendered":"<p>Rusko ministarstvo spoljnih poslova kritikovalo je odluku da se Rusija ne pozove na sahranu kraljice Elizabete II kao &#8220;duboko nemoralnu&#8221;.<\/p>\n","protected":false},"author":1,"featured_media":275822,"comment_status":"open","ping_status":"closed","sticky":false,"template":"","format":"standard","meta":{"_seopress_robots_primary_cat":"","_seopress_titles_title":"","_seopress_titles_desc":"","_seopress_robots_index":"","_et_pb_use_builder":"","_et_pb_old_content":"","_et_gb_content_width":"","inline_featured_image":false,"footnotes":""},"categories":[14],"tags":[],"class_list":["post-355315","post","type-post","status-publish","format-standard","has-post-thumbnail","hentry","category-vijesti"],"_links":{"self":[{"href":"https:\/\/www.pcnen.com\/portal\/wp-json\/wp\/v2\/posts\/355315","targetHints":{"allow":["GET"]}}],"collection":[{"href":"https:\/\/www.pcnen.com\/portal\/wp-json\/wp\/v2\/posts"}],"about":[{"href":"https:\/\/www.pcnen.com\/portal\/wp-json\/wp\/v2\/types\/post"}],"author":[{"embeddable":true,"href":"https:\/\/www.pcnen.com\/portal\/wp-json\/wp\/v2\/users\/1"}],"replies":[{"embeddable":true,"href":"https:\/\/www.pcnen.com\/portal\/wp-json\/wp\/v2\/comments?post=355315"}],"version-history":[{"count":1,"href":"https:\/\/www.pcnen.com\/portal\/wp-json\/wp\/v2\/posts\/355315\/revisions"}],"predecessor-version":[{"id":355316,"href":"https:\/\/www.pcnen.com\/portal\/wp-json\/wp\/v2\/posts\/355315\/revisions\/355316"}],"wp:featuredmedia":[{"embeddable":true,"href":"https:\/\/www.pcnen.com\/portal\/wp-json\/wp\/v2\/media\/275822"}],"wp:attachment":[{"href":"https:\/\/www.pcnen.com\/portal\/wp-json\/wp\/v2\/media?parent=355315"}],"wp:term":[{"taxonomy":"category","embeddable":true,"href":"https:\/\/www.pcnen.com\/portal\/wp-json\/wp\/v2\/categories?post=355315"},{"taxonomy":"post_tag","embeddable":true,"href":"https:\/\/www.pcnen.com\/portal\/wp-json\/wp\/v2\/tags?post=355315"}],"curies":[{"name":"wp","href":"https:\/\/api.w.org\/{rel}","templated":true}]}}