{"id":355312,"date":"2022-09-16T11:03:53","date_gmt":"2022-09-16T09:03:53","guid":{"rendered":"https:\/\/www.pcnen.com\/portal\/?p=355312"},"modified":"2022-09-16T11:04:23","modified_gmt":"2022-09-16T09:04:23","slug":"beta-vlada-srbije-obecala-briselu-da-ce-biti-setnje-na-europrajdu","status":"publish","type":"post","link":"https:\/\/www.pcnen.com\/portal\/2022\/09\/16\/beta-vlada-srbije-obecala-briselu-da-ce-biti-setnje-na-europrajdu\/","title":{"rendered":"Beta: Vlada Srbije obe\u0107ala Briselu da \u0107e biti \u0161etnje na Europrajdu"},"content":{"rendered":"<p>Obavije\u0161teni sagovornici su, me\u0111utim, naveli da \u0107e putanja parade Europrajd biti bitno skra\u0107ena.<\/p>\n<p>Dodali su da u EK postoji ozbiljno nezadovoljstvo postupanjem Vlade Srbije. Naredni izvje\u0161taj EK o spremnosti Srbije da pristupi Evropskoj uniji bi\u0107e bitno kriti\u010dniji, naveli su.<\/p>\n<blockquote class=\"wp-embedded-content\" data-secret=\"k0mjVPVM4Z\"><p><a href=\"https:\/\/www.pcnen.com\/portal\/2022\/08\/30\/vucic-europrajd-nece-biti-odrzan-i-promjene-te-odluke-nece-biti\/\">Vu\u010di\u0107: Europrajd ne\u0107e biti odr\u017ean i promjene te odluke ne\u0107e biti<\/a><\/p><\/blockquote>\n<p><iframe loading=\"lazy\" class=\"wp-embedded-content\" sandbox=\"allow-scripts\" security=\"restricted\" style=\"position: absolute; clip: rect(1px, 1px, 1px, 1px);\" title=\"&#8220;Vu\u010di\u0107: Europrajd ne\u0107e biti odr\u017ean i promjene te odluke ne\u0107e biti&#8221; &#8212; PCNEN\" src=\"https:\/\/www.pcnen.com\/portal\/2022\/08\/30\/vucic-europrajd-nece-biti-odrzan-i-promjene-te-odluke-nece-biti\/embed\/#?secret=bkhb1UpnuV#?secret=k0mjVPVM4Z\" data-secret=\"k0mjVPVM4Z\" width=\"600\" height=\"338\" frameborder=\"0\" marginwidth=\"0\" marginheight=\"0\" scrolling=\"no\"><\/iframe><\/p>\n","protected":false},"excerpt":{"rendered":"<p>Vlada Srbije obe\u0107ala je Evropskoj komisiji (EK) da \u0107e parada Europrajd mo\u0107i da bude odr\u017eana u subotu, 17. Septembra, u Beogradu, saznaje agencija Beta u zapadnoevropskim krugovima.<\/p>\n","protected":false},"author":1,"featured_media":353801,"comment_status":"open","ping_status":"closed","sticky":false,"template":"","format":"standard","meta":{"_seopress_robots_primary_cat":"","_seopress_titles_title":"","_seopress_titles_desc":"","_seopress_robots_index":"","_et_pb_use_builder":"","_et_pb_old_content":"","_et_gb_content_width":"","inline_featured_image":false,"footnotes":""},"categories":[14],"tags":[],"class_list":["post-355312","post","type-post","status-publish","format-standard","has-post-thumbnail","hentry","category-vijesti"],"_links":{"self":[{"href":"https:\/\/www.pcnen.com\/portal\/wp-json\/wp\/v2\/posts\/355312","targetHints":{"allow":["GET"]}}],"collection":[{"href":"https:\/\/www.pcnen.com\/portal\/wp-json\/wp\/v2\/posts"}],"about":[{"href":"https:\/\/www.pcnen.com\/portal\/wp-json\/wp\/v2\/types\/post"}],"author":[{"embeddable":true,"href":"https:\/\/www.pcnen.com\/portal\/wp-json\/wp\/v2\/users\/1"}],"replies":[{"embeddable":true,"href":"https:\/\/www.pcnen.com\/portal\/wp-json\/wp\/v2\/comments?post=355312"}],"version-history":[{"count":2,"href":"https:\/\/www.pcnen.com\/portal\/wp-json\/wp\/v2\/posts\/355312\/revisions"}],"predecessor-version":[{"id":355314,"href":"https:\/\/www.pcnen.com\/portal\/wp-json\/wp\/v2\/posts\/355312\/revisions\/355314"}],"wp:featuredmedia":[{"embeddable":true,"href":"https:\/\/www.pcnen.com\/portal\/wp-json\/wp\/v2\/media\/353801"}],"wp:attachment":[{"href":"https:\/\/www.pcnen.com\/portal\/wp-json\/wp\/v2\/media?parent=355312"}],"wp:term":[{"taxonomy":"category","embeddable":true,"href":"https:\/\/www.pcnen.com\/portal\/wp-json\/wp\/v2\/categories?post=355312"},{"taxonomy":"post_tag","embeddable":true,"href":"https:\/\/www.pcnen.com\/portal\/wp-json\/wp\/v2\/tags?post=355312"}],"curies":[{"name":"wp","href":"https:\/\/api.w.org\/{rel}","templated":true}]}}