{"id":355260,"date":"2022-09-15T18:28:19","date_gmt":"2022-09-15T16:28:19","guid":{"rendered":"https:\/\/www.pcnen.com\/portal\/?p=355260"},"modified":"2022-09-15T18:28:48","modified_gmt":"2022-09-15T16:28:48","slug":"vucic-25-sati-u-skupstinskoj-sali-bez-pauze-video","status":"publish","type":"post","link":"https:\/\/www.pcnen.com\/portal\/2022\/09\/15\/vucic-25-sati-u-skupstinskoj-sali-bez-pauze-video\/","title":{"rendered":"Vu\u010di\u0107 25 sati u skup\u0161tinskoj sali bez pauze (video)"},"content":{"rendered":"<p>Me\u0111utim, u jednom trenutku izgledalo je kao da mu je lo\u0161e, \u0161to se vidjelo i u direktnom prenosu.<\/p>\n<p>\u201cSjedi tu, slu\u0161a vas, svakoga, nije izlazio nijednom, ni\u0161ta jeo, odmarao, \u010dak ni \u0161etao\u201d, rekao je predsjednik Skup\u0161tine Srbije Vladimir Orli\u0107 govore\u0107i o predsjedniku Vu\u010di\u0107u, na kraju drugog dana sjednice o Kosovu, <a href=\"https:\/\/nova.rs\/vesti\/politika\/pogledajte-trenutak-kad-je-vucic-posustao-u-skupstini-video\/\">prenosi nova.rs.<\/a><\/p>\n<p>U nekoliko navrata Orli\u0107 je pohvalio predsjednika da jedini u skup\u0161tinskoj sali nijednom nije napravio pauzu, dok su ostali poslanici izlazili do toaleta, na ru\u010dak\u2026<\/p>\n<p>Me\u0111utim, kamere su zabilje\u017eile trenutak, u kojem vidno iscrpljen Vu\u010di\u0107 dr\u017ei glavu na stolu, a izraz njegovog lica sve govori\u2026<\/p>\n<blockquote class=\"twitter-tweet\">\n<p dir=\"ltr\" lang=\"sr\"><a href=\"https:\/\/twitter.com\/radomir_martin?ref_src=twsrc%5Etfw\">@radomir_martin<\/a><\/p>\n<p>\u0412\u0443\u0447\u0438\u045b \u043a\u043e\u043b\u0430\u0431\u0438\u0440\u0430\u043e <a href=\"https:\/\/t.co\/Gu4fBBHol3\">pic.twitter.com\/Gu4fBBHol3<\/a><\/p>\n<p>\u2014 agentssanu (@AbazDramisa) <a href=\"https:\/\/twitter.com\/AbazDramisa\/status\/1570176663316762625?ref_src=twsrc%5Etfw\">September 14, 2022<\/a><\/p><\/blockquote>\n<p><script async src=\"https:\/\/platform.twitter.com\/widgets.js\" charset=\"utf-8\"><\/script><\/p>\n","protected":false},"excerpt":{"rendered":"<p>Predsjednik Srbije Aleksandar Vu\u010di\u0107 izdr\u017eao je ukupno 25 sati u skup\u0161tinskoj sali, za vrijeme dvodnevne sjednice o Kosovu, a da nije napravio nijednu pauzu.<\/p>\n","protected":false},"author":1,"featured_media":0,"comment_status":"open","ping_status":"closed","sticky":false,"template":"","format":"standard","meta":{"_seopress_robots_primary_cat":"","_seopress_titles_title":"","_seopress_titles_desc":"","_seopress_robots_index":"","_et_pb_use_builder":"","_et_pb_old_content":"","_et_gb_content_width":"","inline_featured_image":false,"footnotes":""},"categories":[14],"tags":[],"class_list":["post-355260","post","type-post","status-publish","format-standard","hentry","category-vijesti"],"_links":{"self":[{"href":"https:\/\/www.pcnen.com\/portal\/wp-json\/wp\/v2\/posts\/355260","targetHints":{"allow":["GET"]}}],"collection":[{"href":"https:\/\/www.pcnen.com\/portal\/wp-json\/wp\/v2\/posts"}],"about":[{"href":"https:\/\/www.pcnen.com\/portal\/wp-json\/wp\/v2\/types\/post"}],"author":[{"embeddable":true,"href":"https:\/\/www.pcnen.com\/portal\/wp-json\/wp\/v2\/users\/1"}],"replies":[{"embeddable":true,"href":"https:\/\/www.pcnen.com\/portal\/wp-json\/wp\/v2\/comments?post=355260"}],"version-history":[{"count":2,"href":"https:\/\/www.pcnen.com\/portal\/wp-json\/wp\/v2\/posts\/355260\/revisions"}],"predecessor-version":[{"id":355263,"href":"https:\/\/www.pcnen.com\/portal\/wp-json\/wp\/v2\/posts\/355260\/revisions\/355263"}],"wp:attachment":[{"href":"https:\/\/www.pcnen.com\/portal\/wp-json\/wp\/v2\/media?parent=355260"}],"wp:term":[{"taxonomy":"category","embeddable":true,"href":"https:\/\/www.pcnen.com\/portal\/wp-json\/wp\/v2\/categories?post=355260"},{"taxonomy":"post_tag","embeddable":true,"href":"https:\/\/www.pcnen.com\/portal\/wp-json\/wp\/v2\/tags?post=355260"}],"curies":[{"name":"wp","href":"https:\/\/api.w.org\/{rel}","templated":true}]}}