{"id":355251,"date":"2022-09-15T17:29:32","date_gmt":"2022-09-15T15:29:32","guid":{"rendered":"https:\/\/www.pcnen.com\/portal\/?p=355251"},"modified":"2022-09-15T17:33:56","modified_gmt":"2022-09-15T15:33:56","slug":"df-nece-na-konsultacije-kod-dukanovica","status":"publish","type":"post","link":"https:\/\/www.pcnen.com\/portal\/2022\/09\/15\/df-nece-na-konsultacije-kod-dukanovica\/","title":{"rendered":"DF ne\u0107e na konsultacije kod \u0110ukanovi\u0107a"},"content":{"rendered":"<p>Dodali su da su predsjednici stranaka Demokratskog fronta Andrija Mandi\u0107, Neboj\u0161a Medojevi\u0107 i Milan Kne\u017eevi\u0107 poslali su \u0110ukanovi\u0107u pismo u kojem su naveli da \u0107e ga obavijestiti o imenu mandatara nakon zavr\u0161enih razgovora.<\/p>\n<p>&#8220;Kao \u0161to vam je poznato, u toku su razgovori parlamentarne ve\u0107ine u vezi formiranja nove Vlade Crne Gore. U tom kontekstu, stranke pobjednice izbora od 30. avgusta 2020. godine, potpisale su Sporazum o formiranju nove Vlade Crne Gore koji je svojim potpisom podr\u017eao 41 poslanik. Nakon zavr\u0161etka razgovora, obavijesti\u0107emo vas o imenu mandatara i dostaviti neophodan broj potpisa poslanika koji podr\u017eavaju tu kandidaturu&#8221;, naveli su lideri DF-a u pismu.<\/p>\n<blockquote class=\"wp-embedded-content\" data-secret=\"EVatqHzc98\"><p><a href=\"https:\/\/www.pcnen.com\/portal\/2022\/09\/15\/predsjednik-dukanovic-pocinje-konsultacije-sa-dps-df-i-demokratama\/\">Predsjednik \u0110ukanovi\u0107 po\u010dinje konsultacije sa DPS, DF i Demokratama<\/a><\/p><\/blockquote>\n<p><iframe loading=\"lazy\" class=\"wp-embedded-content\" sandbox=\"allow-scripts\" security=\"restricted\" style=\"position: absolute; clip: rect(1px, 1px, 1px, 1px);\" title=\"&#8220;Predsjednik \u0110ukanovi\u0107 po\u010dinje konsultacije sa DPS, DF i Demokratama&#8221; &#8212; PCNEN\" src=\"https:\/\/www.pcnen.com\/portal\/2022\/09\/15\/predsjednik-dukanovic-pocinje-konsultacije-sa-dps-df-i-demokratama\/embed\/#?secret=nt06PzGacG#?secret=EVatqHzc98\" data-secret=\"EVatqHzc98\" width=\"600\" height=\"338\" frameborder=\"0\" marginwidth=\"0\" marginheight=\"0\" scrolling=\"no\"><\/iframe><\/p>\n","protected":false},"excerpt":{"rendered":"<p>Demokratski front ne\u0107e prisustvovati konsultacijama sa predsjednikom Crne Gore Milom \u0110ukanovi\u0107em o mandataru nove Vlade Crne Gore, saop\u0161tili iz tog politi\u010dkog subjekta.<\/p>\n","protected":false},"author":1,"featured_media":0,"comment_status":"open","ping_status":"closed","sticky":false,"template":"","format":"standard","meta":{"_seopress_robots_primary_cat":"","_seopress_titles_title":"","_seopress_titles_desc":"","_seopress_robots_index":"","_et_pb_use_builder":"","_et_pb_old_content":"","_et_gb_content_width":"","inline_featured_image":false,"footnotes":""},"categories":[14],"tags":[],"class_list":["post-355251","post","type-post","status-publish","format-standard","hentry","category-vijesti"],"_links":{"self":[{"href":"https:\/\/www.pcnen.com\/portal\/wp-json\/wp\/v2\/posts\/355251","targetHints":{"allow":["GET"]}}],"collection":[{"href":"https:\/\/www.pcnen.com\/portal\/wp-json\/wp\/v2\/posts"}],"about":[{"href":"https:\/\/www.pcnen.com\/portal\/wp-json\/wp\/v2\/types\/post"}],"author":[{"embeddable":true,"href":"https:\/\/www.pcnen.com\/portal\/wp-json\/wp\/v2\/users\/1"}],"replies":[{"embeddable":true,"href":"https:\/\/www.pcnen.com\/portal\/wp-json\/wp\/v2\/comments?post=355251"}],"version-history":[{"count":2,"href":"https:\/\/www.pcnen.com\/portal\/wp-json\/wp\/v2\/posts\/355251\/revisions"}],"predecessor-version":[{"id":355253,"href":"https:\/\/www.pcnen.com\/portal\/wp-json\/wp\/v2\/posts\/355251\/revisions\/355253"}],"wp:attachment":[{"href":"https:\/\/www.pcnen.com\/portal\/wp-json\/wp\/v2\/media?parent=355251"}],"wp:term":[{"taxonomy":"category","embeddable":true,"href":"https:\/\/www.pcnen.com\/portal\/wp-json\/wp\/v2\/categories?post=355251"},{"taxonomy":"post_tag","embeddable":true,"href":"https:\/\/www.pcnen.com\/portal\/wp-json\/wp\/v2\/tags?post=355251"}],"curies":[{"name":"wp","href":"https:\/\/api.w.org\/{rel}","templated":true}]}}