{"id":355237,"date":"2022-09-15T15:38:47","date_gmt":"2022-09-15T13:38:47","guid":{"rendered":"https:\/\/www.pcnen.com\/portal\/?p=355237"},"modified":"2022-09-15T15:47:24","modified_gmt":"2022-09-15T13:47:24","slug":"zavrsen-sastanak-parlamentarne-vecine-nastavak-sjutra","status":"publish","type":"post","link":"https:\/\/www.pcnen.com\/portal\/2022\/09\/15\/zavrsen-sastanak-parlamentarne-vecine-nastavak-sjutra\/","title":{"rendered":"Zavr\u0161en sastanak parlamentarne ve\u0107ine, nastavak sjutra"},"content":{"rendered":"<p>&#8220;Sjutra ujutru u 10 sati, nakon \u0161to odre\u0111ene politi\u010dke partije naprave dodatne konsultacije na svojim organima, precizno utvrde koji su minimumi ispod kojih ne\u0107e i\u0107i da to urade. Da sjutra kona\u010dno do\u0111u sa svojim stavom&#8221;, rekao je nakon sastanka lider Prave Crne Gore Marko Mila\u010di\u0107<\/p>\n<p>On je rekao da od GP URA nijesu dobili potpise da Leki\u0107 bude mandatar.<\/p>\n<p>U pauzi,\u00a0 predstavnici partija iznijeli su pojedine detalje i ponude sa prvog dijela dana\u0161njeg sastanka.<\/p>\n<p>Izvr\u0161ni direktor Gra\u0111anskog pokreta URA Zoran Miki\u0107 pozvao je kolege Demokratskog fronta (DF) i Demokratske Crne Gore da se dogovore i ka\u017eu \u0161ta misle da pripada koaliciji &#8220;Crno na bijelo&#8221;. Na konferenciji za medije je poru\u010dio da su spremni da odustanu od &#8220;kontrolnog paketa&#8221;, ali ne i od borbe protiv organizovanog kriminala.<\/p>\n<p>Potpredsjednik i poslanik Demokratske Crne Gore Dragan Krapovi\u0107 ocijenio je da je poziv GP URA, da Demokrate i Demokratski front daju svoje predloge za resore, najprizemnija manipulacija i nepo\u0161tovanje gra\u0111ana Crne Gore. Istakao je da je u odre\u0111enim resorima bilo preklapanja DF-a i GP URA.<\/p>\n<p>Lider Ujedinjene CG Goran Danilovi\u0107 kazao da je su svi dobili danas priliku da se izjasne o resorima koje \u017eele u budu\u0107oj Vladi.<\/p>\n<p>Predsjednik Prave Crne Gore Marko Mila\u010di\u0107 saop\u0161tio je da su predstavnici Demokratskog fronta (DF) i Demokrata dali svoje predloge za resore za koje su zainteresovani, te da su isto uradili i iz GP URA. Naglasio je da su tokom pauze u razgovorima predstavnici GP URA odr\u017eali konferenciju za medije i saop\u0161tili, kako je rekao, niz neistina.<\/p>\n<p>Na prethodnom sastanku usagla\u0161eno je da kandidat za mandatara bude Miodrag Leki\u0107.<\/p>\n<p>Pred po\u010detak sastanka Demokratska Crna Gora saop\u0161tila je da \u010dine posljednji ustupak i da se odri\u010du i bezbjednosnog sektora u 44. Vladi Crne Gore.<\/p>\n<p>Lider Gra\u0111anskog pokreta URA Dritan Abazovi\u0107 kazao da su tra\u017eili da dobiju sektor bezbjednosti i da sa Socijalisti\u010dkom narodnom partijom i manjinskim stranka imaju \u201ekontrolni paket\u201c u vladi, odnosno jedno ministarstvo vi\u0161e.<\/p>\n<p>Predsjednik Crne Gore Milo \u0110ukanovi\u0107 danas \u0107e po\u010deti konsultacije o mandataru za sastav nove vlade i razgovara\u0107e sa Demokratskom partijom socijalista, Demokratskom Crnom Gorom i Demokratskim frontom.<\/p>\n","protected":false},"excerpt":{"rendered":"<p>Sastanak stare parlamentarne ve\u0107ine o formiranju vlade zavr\u0161en je, i nastavi\u0107e se sjutra. Na dana\u0161nji sastanak nijesu do\u0161li lideri GP URA Dritan Abazovi\u0107 i Demokrata Aleksa Be\u010di\u0107.<\/p>\n","protected":false},"author":1,"featured_media":199577,"comment_status":"open","ping_status":"closed","sticky":false,"template":"","format":"standard","meta":{"_seopress_robots_primary_cat":"","_seopress_titles_title":"","_seopress_titles_desc":"","_seopress_robots_index":"","_et_pb_use_builder":"","_et_pb_old_content":"","_et_gb_content_width":"","inline_featured_image":false,"footnotes":""},"categories":[14],"tags":[],"class_list":["post-355237","post","type-post","status-publish","format-standard","has-post-thumbnail","hentry","category-vijesti"],"_links":{"self":[{"href":"https:\/\/www.pcnen.com\/portal\/wp-json\/wp\/v2\/posts\/355237","targetHints":{"allow":["GET"]}}],"collection":[{"href":"https:\/\/www.pcnen.com\/portal\/wp-json\/wp\/v2\/posts"}],"about":[{"href":"https:\/\/www.pcnen.com\/portal\/wp-json\/wp\/v2\/types\/post"}],"author":[{"embeddable":true,"href":"https:\/\/www.pcnen.com\/portal\/wp-json\/wp\/v2\/users\/1"}],"replies":[{"embeddable":true,"href":"https:\/\/www.pcnen.com\/portal\/wp-json\/wp\/v2\/comments?post=355237"}],"version-history":[{"count":4,"href":"https:\/\/www.pcnen.com\/portal\/wp-json\/wp\/v2\/posts\/355237\/revisions"}],"predecessor-version":[{"id":355241,"href":"https:\/\/www.pcnen.com\/portal\/wp-json\/wp\/v2\/posts\/355237\/revisions\/355241"}],"wp:featuredmedia":[{"embeddable":true,"href":"https:\/\/www.pcnen.com\/portal\/wp-json\/wp\/v2\/media\/199577"}],"wp:attachment":[{"href":"https:\/\/www.pcnen.com\/portal\/wp-json\/wp\/v2\/media?parent=355237"}],"wp:term":[{"taxonomy":"category","embeddable":true,"href":"https:\/\/www.pcnen.com\/portal\/wp-json\/wp\/v2\/categories?post=355237"},{"taxonomy":"post_tag","embeddable":true,"href":"https:\/\/www.pcnen.com\/portal\/wp-json\/wp\/v2\/tags?post=355237"}],"curies":[{"name":"wp","href":"https:\/\/api.w.org\/{rel}","templated":true}]}}