{"id":355224,"date":"2022-09-15T12:47:22","date_gmt":"2022-09-15T10:47:22","guid":{"rendered":"https:\/\/www.pcnen.com\/portal\/?p=355224"},"modified":"2022-09-15T12:47:22","modified_gmt":"2022-09-15T10:47:22","slug":"krivokapic-bijedno-je-i-maliciozno-sto-dukanovic-prepricava-moje-rijeci-kroz-javne-nastup","status":"publish","type":"post","link":"https:\/\/www.pcnen.com\/portal\/2022\/09\/15\/krivokapic-bijedno-je-i-maliciozno-sto-dukanovic-prepricava-moje-rijeci-kroz-javne-nastup\/","title":{"rendered":"Krivokapi\u0107: Bijedno je i maliciozno \u0161to \u0110ukanovi\u0107 prepri\u010dava moje rije\u010di kroz javne nastup"},"content":{"rendered":"<p>\u0110ukanovi\u0107 je u intervjuu za Radio Slobodna Evropa, izme\u0111u ostalog kazao da mu je Krivokapi\u0107 tokom jednog susreta rekao &#8220;da je potpuno siguran da se snagom vjere pomjeraju planine&#8221;, da za razliku od njega vjeruje u zagrobni \u017eivot, &#8220;i da je imao realan uvid u zagrobni \u017eivot&#8221;.<\/p>\n<blockquote class=\"twitter-tweet\">\n<p dir=\"ltr\" lang=\"sr\">\u0422\u043e \u0458\u0435 \u0441\u0442\u0432\u0430\u0440 \u0435\u043b\u0435\u043c\u0435\u043d\u0442\u0430\u0440\u043d\u0435 \u043a\u0443\u043b\u0442\u0443\u0440\u0435. \u0423\u043a\u043e\u043b\u0438\u043a\u043e \u0431\u0438\u0445 \u0438\u0437\u043d\u043e\u0441\u0438\u043e \u0441\u0432\u043e\u0458\u0435 \u043b\u0438\u0447\u043d\u0435 \u0438\u043c\u043f\u0440\u0435\u0441\u0438\u0458\u0435 \u043e \u041c\u0438\u043b\u0443 \u0402\u0443\u043a\u0430\u043d\u043e\u0432\u0438\u045b\u0443 \u0438 \u045a\u0435\u0433\u043e\u0432\u043e\u043c \u043f\u043e\u043d\u0430\u0448\u0430\u045a\u0443 \u043d\u0430 \u0437\u0430\u0442\u0432\u043e\u0440\u0435\u043d\u0438\u043c \u0441\u0430\u0441\u0442\u0430\u043d\u0446\u0438\u043c\u0430, \u043d\u0430\u0458\u0432\u0458\u0435\u0440\u043e\u0432\u0430\u0442\u043d\u0438\u0458\u0435 \u0431\u0438\u0445 \u043c\u043e\u0440\u0430\u043e \u0434\u0430 \u0441\u0435 \u0438\u0437\u0440\u0430\u0436\u0430\u0432\u0430\u043c \u0443 \u0444\u043e\u0440\u043c\u0438 \u0459\u0435\u043a\u0430\u0440\u0441\u043a\u0438\u0445 \u0434\u0438\u0458\u0430\u0433\u043d\u043e\u0437\u0430. \u0418\u043f\u0430\u043a, \u0442\u043e \u043c\u0438 \u043d\u0435 \u0434\u043e\u043f\u0443\u0448\u0442\u0430\u0458\u0443 \u043b\u0438\u0447\u043d\u043e \u0434\u043e\u0441\u0442\u043e\u0458\u0430\u043d\u0441\u0442\u0432\u043e \u0438 \u043f\u043e\u0440\u043e\u0434\u0438\u0447\u043d\u043e \u0432\u0430\u0441\u043f\u0438\u0442\u0430\u045a\u0435. 2\/2<\/p>\n<p>\u2014 Zdravko Krivokapi\u0107 (@profKrivokapic) <a href=\"https:\/\/twitter.com\/profKrivokapic\/status\/1570352890660917249?ref_src=twsrc%5Etfw\">September 15, 2022<\/a><\/p><\/blockquote>\n<p><script async src=\"https:\/\/platform.twitter.com\/widgets.js\" charset=\"utf-8\"><\/script><\/p>\n","protected":false},"excerpt":{"rendered":"<p>Biv\u0161i premijer Zdravko Krivokapi\u0107 napisao je na Tviteru da je &#8220;bijedno i maliciozno&#8221; to \u0161to se predsjednik Crne Gore Milo \u0110ukanovi\u0107 &#8220;usljed nesposobnosti da odgovori na konkretna pitanja novinara, &#8216;vadi'&#8221; prepri\u010davaju\u0107i njegovom kako je rekao &#8220;navodne, bolje re\u0107i izmi\u0161ljene rije\u010di&#8221;.<\/p>\n","protected":false},"author":1,"featured_media":331159,"comment_status":"open","ping_status":"closed","sticky":false,"template":"","format":"standard","meta":{"_seopress_robots_primary_cat":"","_seopress_titles_title":"","_seopress_titles_desc":"","_seopress_robots_index":"","_et_pb_use_builder":"","_et_pb_old_content":"","_et_gb_content_width":"","inline_featured_image":false,"footnotes":""},"categories":[14],"tags":[],"class_list":["post-355224","post","type-post","status-publish","format-standard","has-post-thumbnail","hentry","category-vijesti"],"_links":{"self":[{"href":"https:\/\/www.pcnen.com\/portal\/wp-json\/wp\/v2\/posts\/355224","targetHints":{"allow":["GET"]}}],"collection":[{"href":"https:\/\/www.pcnen.com\/portal\/wp-json\/wp\/v2\/posts"}],"about":[{"href":"https:\/\/www.pcnen.com\/portal\/wp-json\/wp\/v2\/types\/post"}],"author":[{"embeddable":true,"href":"https:\/\/www.pcnen.com\/portal\/wp-json\/wp\/v2\/users\/1"}],"replies":[{"embeddable":true,"href":"https:\/\/www.pcnen.com\/portal\/wp-json\/wp\/v2\/comments?post=355224"}],"version-history":[{"count":2,"href":"https:\/\/www.pcnen.com\/portal\/wp-json\/wp\/v2\/posts\/355224\/revisions"}],"predecessor-version":[{"id":355226,"href":"https:\/\/www.pcnen.com\/portal\/wp-json\/wp\/v2\/posts\/355224\/revisions\/355226"}],"wp:featuredmedia":[{"embeddable":true,"href":"https:\/\/www.pcnen.com\/portal\/wp-json\/wp\/v2\/media\/331159"}],"wp:attachment":[{"href":"https:\/\/www.pcnen.com\/portal\/wp-json\/wp\/v2\/media?parent=355224"}],"wp:term":[{"taxonomy":"category","embeddable":true,"href":"https:\/\/www.pcnen.com\/portal\/wp-json\/wp\/v2\/categories?post=355224"},{"taxonomy":"post_tag","embeddable":true,"href":"https:\/\/www.pcnen.com\/portal\/wp-json\/wp\/v2\/tags?post=355224"}],"curies":[{"name":"wp","href":"https:\/\/api.w.org\/{rel}","templated":true}]}}