{"id":355213,"date":"2022-09-15T11:27:43","date_gmt":"2022-09-15T09:27:43","guid":{"rendered":"https:\/\/www.pcnen.com\/portal\/?p=355213"},"modified":"2022-09-15T11:27:43","modified_gmt":"2022-09-15T09:27:43","slug":"poceo-sastanak-stare-vecine-becic-i-abazovic-nijesu-dosli","status":"publish","type":"post","link":"https:\/\/www.pcnen.com\/portal\/2022\/09\/15\/poceo-sastanak-stare-vecine-becic-i-abazovic-nijesu-dosli\/","title":{"rendered":"Po\u010deo sastanak stare ve\u0107ine, Be\u010di\u0107 i Abazovi\u0107 nijesu do\u0161li"},"content":{"rendered":"<p>Na sastanak su do\u0161li Andrija Mandi\u0107 (Nova), Milan Kne\u017eevi\u0107 (DNP), Neboj\u0161a Medojevi\u0107 (PzP), Dragan Krapovi\u0107 (Demokrate), Danilo \u0160aranovi\u0107 (Demokrate), Zdenka Popovi\u0107 (Demokrate), Vladimir Jokovi\u0107 (SNP), Milo\u0161 Konatar (GP URA), Zoran Miki\u0107 (GP URA), Miodrag Leki\u0107 (Demos), Goran Danilovi\u0107 (Ujedinjena Crna Gora), Marko Mila\u010di\u0107 (Prava Crna Gora), Maksim Vu\u010dini\u0107 (Radni\u010dka partija) i Sr\u0111an Pavi\u0107evi\u0107 (CIVIS).<\/p>\n<p>&nbsp;<\/p>\n<blockquote class=\"wp-embedded-content\" data-secret=\"A3teoJ48c5\"><p><a href=\"https:\/\/www.pcnen.com\/portal\/2022\/09\/15\/novi-sastanak-stare-parlamentarne-vecine-pomjeren-za-11-casova\/\">Novi sastanak stare parlamentarne ve\u0107ine pomjeren za 11 \u010dasova<\/a><\/p><\/blockquote>\n<p><iframe loading=\"lazy\" class=\"wp-embedded-content\" sandbox=\"allow-scripts\" security=\"restricted\" style=\"position: absolute; clip: rect(1px, 1px, 1px, 1px);\" title=\"&#8220;Novi sastanak stare parlamentarne ve\u0107ine pomjeren za 11 \u010dasova&#8221; &#8212; PCNEN\" src=\"https:\/\/www.pcnen.com\/portal\/2022\/09\/15\/novi-sastanak-stare-parlamentarne-vecine-pomjeren-za-11-casova\/embed\/#?secret=0iLxrOwU54#?secret=A3teoJ48c5\" data-secret=\"A3teoJ48c5\" width=\"600\" height=\"338\" frameborder=\"0\" marginwidth=\"0\" marginheight=\"0\" scrolling=\"no\"><\/iframe><\/p>\n","protected":false},"excerpt":{"rendered":"<p>U Skup\u0161tini Crne Gore je po\u010deo novi, poslednji, \u00a0sastanak stare parlamentarne ve\u0107ine.<\/p>\n","protected":false},"author":1,"featured_media":199577,"comment_status":"open","ping_status":"closed","sticky":false,"template":"","format":"standard","meta":{"_seopress_robots_primary_cat":"","_seopress_titles_title":"","_seopress_titles_desc":"","_seopress_robots_index":"","_et_pb_use_builder":"","_et_pb_old_content":"","_et_gb_content_width":"","inline_featured_image":false,"footnotes":""},"categories":[14],"tags":[],"class_list":["post-355213","post","type-post","status-publish","format-standard","has-post-thumbnail","hentry","category-vijesti"],"_links":{"self":[{"href":"https:\/\/www.pcnen.com\/portal\/wp-json\/wp\/v2\/posts\/355213","targetHints":{"allow":["GET"]}}],"collection":[{"href":"https:\/\/www.pcnen.com\/portal\/wp-json\/wp\/v2\/posts"}],"about":[{"href":"https:\/\/www.pcnen.com\/portal\/wp-json\/wp\/v2\/types\/post"}],"author":[{"embeddable":true,"href":"https:\/\/www.pcnen.com\/portal\/wp-json\/wp\/v2\/users\/1"}],"replies":[{"embeddable":true,"href":"https:\/\/www.pcnen.com\/portal\/wp-json\/wp\/v2\/comments?post=355213"}],"version-history":[{"count":1,"href":"https:\/\/www.pcnen.com\/portal\/wp-json\/wp\/v2\/posts\/355213\/revisions"}],"predecessor-version":[{"id":355214,"href":"https:\/\/www.pcnen.com\/portal\/wp-json\/wp\/v2\/posts\/355213\/revisions\/355214"}],"wp:featuredmedia":[{"embeddable":true,"href":"https:\/\/www.pcnen.com\/portal\/wp-json\/wp\/v2\/media\/199577"}],"wp:attachment":[{"href":"https:\/\/www.pcnen.com\/portal\/wp-json\/wp\/v2\/media?parent=355213"}],"wp:term":[{"taxonomy":"category","embeddable":true,"href":"https:\/\/www.pcnen.com\/portal\/wp-json\/wp\/v2\/categories?post=355213"},{"taxonomy":"post_tag","embeddable":true,"href":"https:\/\/www.pcnen.com\/portal\/wp-json\/wp\/v2\/tags?post=355213"}],"curies":[{"name":"wp","href":"https:\/\/api.w.org\/{rel}","templated":true}]}}