{"id":355204,"date":"2022-09-15T10:39:14","date_gmt":"2022-09-15T08:39:14","guid":{"rendered":"https:\/\/www.pcnen.com\/portal\/?p=355204"},"modified":"2022-09-15T10:47:39","modified_gmt":"2022-09-15T08:47:39","slug":"novi-sastanak-stare-parlamentarne-vecine-pomjeren-za-11-casova","status":"publish","type":"post","link":"https:\/\/www.pcnen.com\/portal\/2022\/09\/15\/novi-sastanak-stare-parlamentarne-vecine-pomjeren-za-11-casova\/","title":{"rendered":"Novi sastanak stare parlamentarne ve\u0107ine pomjeren za 11 \u010dasova"},"content":{"rendered":"<p>Kako prenose podgori\u010dki mediji,\u00a0 lider URA Dritan Abazovi\u0107 je na sino\u0107njem sastanku iznio novi zahtjev: Abazovi\u0107 je pristao da se, u korist Miodraga Leki\u0107a, odrekne premijerskog mjesta, ali URA i SNP sada tra\u017ee kontrolni paket ministarstava u novoj izvr\u0161noj vlasti i punu kontrolu nad sektorom bezbjednosti \u2013 Ministarstvom unutra\u0161njih poslova i Ministarstvom odbrane.<\/p>\n<p>Pitanje rukovodstva Skup\u0161tine nije otvarano.<\/p>\n<p>Ju\u010dera\u0161njim pregovorima biv\u0161e ve\u0107ine, koji su trajali do kasno u no\u0107, prethodila su \u010detiri sastanka na kojima, izuzev potpisivanja sporazuma kojim je predvi\u0111en izbor nove vlade i skup\u0161tinske administracije, nije bio napravljen ozbiljniji korak ka rje\u0161avanju krize vlasti.<\/p>\n<p>&nbsp;<\/p>\n<blockquote class=\"wp-embedded-content\" data-secret=\"UwpBmoWr07\"><p><a href=\"https:\/\/www.pcnen.com\/portal\/2022\/09\/14\/veceras-bez-dogovora-lideri-stare-parlamentarne-vecine-nastavljaju-ujutro\/\">Ve\u010deras bez dogovora, lideri stare parlamentarne ve\u0107ine nastavljaju ujutro?<\/a><\/p><\/blockquote>\n<p><iframe loading=\"lazy\" class=\"wp-embedded-content\" sandbox=\"allow-scripts\" security=\"restricted\" style=\"position: absolute; clip: rect(1px, 1px, 1px, 1px);\" title=\"&#8220;Ve\u010deras bez dogovora, lideri stare parlamentarne ve\u0107ine nastavljaju ujutro?&#8221; &#8212; PCNEN\" src=\"https:\/\/www.pcnen.com\/portal\/2022\/09\/14\/veceras-bez-dogovora-lideri-stare-parlamentarne-vecine-nastavljaju-ujutro\/embed\/#?secret=HCFMEFprfs#?secret=UwpBmoWr07\" data-secret=\"UwpBmoWr07\" width=\"600\" height=\"338\" frameborder=\"0\" marginwidth=\"0\" marginheight=\"0\" scrolling=\"no\"><\/iframe><\/p>\n","protected":false},"excerpt":{"rendered":"<p>Sastanak predstavnka stare parlamentarne ve\u0107ine bi\u0107e nastavljen danas. Prvo je bio zakazan za 10 sati, ali je pomjeren za 11.<\/p>\n","protected":false},"author":1,"featured_media":303411,"comment_status":"open","ping_status":"closed","sticky":false,"template":"","format":"standard","meta":{"_seopress_robots_primary_cat":"","_seopress_titles_title":"","_seopress_titles_desc":"","_seopress_robots_index":"","_et_pb_use_builder":"","_et_pb_old_content":"","_et_gb_content_width":"","inline_featured_image":false,"footnotes":""},"categories":[14],"tags":[],"class_list":["post-355204","post","type-post","status-publish","format-standard","has-post-thumbnail","hentry","category-vijesti"],"_links":{"self":[{"href":"https:\/\/www.pcnen.com\/portal\/wp-json\/wp\/v2\/posts\/355204","targetHints":{"allow":["GET"]}}],"collection":[{"href":"https:\/\/www.pcnen.com\/portal\/wp-json\/wp\/v2\/posts"}],"about":[{"href":"https:\/\/www.pcnen.com\/portal\/wp-json\/wp\/v2\/types\/post"}],"author":[{"embeddable":true,"href":"https:\/\/www.pcnen.com\/portal\/wp-json\/wp\/v2\/users\/1"}],"replies":[{"embeddable":true,"href":"https:\/\/www.pcnen.com\/portal\/wp-json\/wp\/v2\/comments?post=355204"}],"version-history":[{"count":2,"href":"https:\/\/www.pcnen.com\/portal\/wp-json\/wp\/v2\/posts\/355204\/revisions"}],"predecessor-version":[{"id":355209,"href":"https:\/\/www.pcnen.com\/portal\/wp-json\/wp\/v2\/posts\/355204\/revisions\/355209"}],"wp:featuredmedia":[{"embeddable":true,"href":"https:\/\/www.pcnen.com\/portal\/wp-json\/wp\/v2\/media\/303411"}],"wp:attachment":[{"href":"https:\/\/www.pcnen.com\/portal\/wp-json\/wp\/v2\/media?parent=355204"}],"wp:term":[{"taxonomy":"category","embeddable":true,"href":"https:\/\/www.pcnen.com\/portal\/wp-json\/wp\/v2\/categories?post=355204"},{"taxonomy":"post_tag","embeddable":true,"href":"https:\/\/www.pcnen.com\/portal\/wp-json\/wp\/v2\/tags?post=355204"}],"curies":[{"name":"wp","href":"https:\/\/api.w.org\/{rel}","templated":true}]}}