{"id":355197,"date":"2022-09-15T09:45:18","date_gmt":"2022-09-15T07:45:18","guid":{"rendered":"https:\/\/www.pcnen.com\/portal\/?p=355197"},"modified":"2022-09-15T09:46:00","modified_gmt":"2022-09-15T07:46:00","slug":"lekic-nijesam-se-samopredlozio-za-mandatara","status":"publish","type":"post","link":"https:\/\/www.pcnen.com\/portal\/2022\/09\/15\/lekic-nijesam-se-samopredlozio-za-mandatara\/","title":{"rendered":"Leki\u0107: Nijesam se samopredlo\u017eio za mandatara"},"content":{"rendered":"<p>&#8220;Kao \u0161to sam istakao na zajednickim sastancima, na kojima se nisam ni u jednom trenutku samopredlagao za mandatara, od posebnog zna\u010daja jeste izgra\u0111ivanje povjerenja u na\u0161oj koaliciji, kako bismo i na taj na\u010din mogli da ostvarimo programske ciljeve i o\u010dekivanja gradjana. U svakom slu\u010daju, osmi\u0161ljenim dogovorom politi\u010dkih subjekata ve\u0107ine ukupan politi\u010dki proces se vra\u0107a u okvire pune legalnosti i demokratskih pravila&#8221;, naveo je on.<\/p>\n<p><iframe loading=\"lazy\" style=\"border: none; overflow: hidden;\" src=\"https:\/\/www.facebook.com\/plugins\/post.php?href=https%3A%2F%2Fwww.facebook.com%2Fdemos.mlekic%2Fposts%2Fpfbid02jooBZR1NgEjNSJuDF6buUNZ8wRpANQm4Em6K3B539CJNzShUEdNXMXrnfAde5KjEl&amp;show_text=true&amp;width=500\" width=\"500\" height=\"574\" frameborder=\"0\" scrolling=\"no\" allowfullscreen=\"allowfullscreen\"><\/iframe><\/p>\n<blockquote class=\"wp-embedded-content\" data-secret=\"rRE2w1DpmP\"><p><a href=\"https:\/\/www.pcnen.com\/portal\/2022\/09\/14\/mandic-razgovarali-smo-o-lekicu-kao-buducem-mandataru-veceras-nastavak-razgovora\/\">Mandi\u0107: Razgovarali smo o Leki\u0107u kao budu\u0107em mandataru, ve\u010deras nastavak razgovora<\/a><\/p><\/blockquote>\n<p><iframe loading=\"lazy\" class=\"wp-embedded-content\" sandbox=\"allow-scripts\" security=\"restricted\" style=\"position: absolute; clip: rect(1px, 1px, 1px, 1px);\" title=\"&#8220;Mandi\u0107: Razgovarali smo o Leki\u0107u kao budu\u0107em mandataru, ve\u010deras nastavak razgovora&#8221; &#8212; PCNEN\" src=\"https:\/\/www.pcnen.com\/portal\/2022\/09\/14\/mandic-razgovarali-smo-o-lekicu-kao-buducem-mandataru-veceras-nastavak-razgovora\/embed\/#?secret=FSow4ZVjjw#?secret=rRE2w1DpmP\" data-secret=\"rRE2w1DpmP\" width=\"600\" height=\"338\" frameborder=\"0\" marginwidth=\"0\" marginheight=\"0\" scrolling=\"no\"><\/iframe><\/p>\n","protected":false},"excerpt":{"rendered":"<p>Postignuti konsenzus me\u0111u svim \u010dlanovima izborne ve\u0107ine oko kandidata za mandatara jeste po\u010detna faza koju treba nastaviti maksimalnom ozbiljno\u0161\u0107u i po\u0161tovanjem ustavno-demokratskih pravila,napisao je Miodrag Leki\u0107 na Fejsbuku.<\/p>\n","protected":false},"author":1,"featured_media":301064,"comment_status":"open","ping_status":"closed","sticky":false,"template":"","format":"standard","meta":{"_seopress_robots_primary_cat":"","_seopress_titles_title":"","_seopress_titles_desc":"","_seopress_robots_index":"","_et_pb_use_builder":"","_et_pb_old_content":"","_et_gb_content_width":"","inline_featured_image":false,"footnotes":""},"categories":[14],"tags":[],"class_list":["post-355197","post","type-post","status-publish","format-standard","has-post-thumbnail","hentry","category-vijesti"],"_links":{"self":[{"href":"https:\/\/www.pcnen.com\/portal\/wp-json\/wp\/v2\/posts\/355197","targetHints":{"allow":["GET"]}}],"collection":[{"href":"https:\/\/www.pcnen.com\/portal\/wp-json\/wp\/v2\/posts"}],"about":[{"href":"https:\/\/www.pcnen.com\/portal\/wp-json\/wp\/v2\/types\/post"}],"author":[{"embeddable":true,"href":"https:\/\/www.pcnen.com\/portal\/wp-json\/wp\/v2\/users\/1"}],"replies":[{"embeddable":true,"href":"https:\/\/www.pcnen.com\/portal\/wp-json\/wp\/v2\/comments?post=355197"}],"version-history":[{"count":2,"href":"https:\/\/www.pcnen.com\/portal\/wp-json\/wp\/v2\/posts\/355197\/revisions"}],"predecessor-version":[{"id":355199,"href":"https:\/\/www.pcnen.com\/portal\/wp-json\/wp\/v2\/posts\/355197\/revisions\/355199"}],"wp:featuredmedia":[{"embeddable":true,"href":"https:\/\/www.pcnen.com\/portal\/wp-json\/wp\/v2\/media\/301064"}],"wp:attachment":[{"href":"https:\/\/www.pcnen.com\/portal\/wp-json\/wp\/v2\/media?parent=355197"}],"wp:term":[{"taxonomy":"category","embeddable":true,"href":"https:\/\/www.pcnen.com\/portal\/wp-json\/wp\/v2\/categories?post=355197"},{"taxonomy":"post_tag","embeddable":true,"href":"https:\/\/www.pcnen.com\/portal\/wp-json\/wp\/v2\/tags?post=355197"}],"curies":[{"name":"wp","href":"https:\/\/api.w.org\/{rel}","templated":true}]}}