{"id":355177,"date":"2022-09-14T23:12:40","date_gmt":"2022-09-14T21:12:40","guid":{"rendered":"https:\/\/www.pcnen.com\/portal\/?p=355177"},"modified":"2022-09-14T23:15:38","modified_gmt":"2022-09-14T21:15:38","slug":"veceras-bez-dogovora-lideri-stare-parlamentarne-vecine-nastavljaju-ujutro","status":"publish","type":"post","link":"https:\/\/www.pcnen.com\/portal\/2022\/09\/14\/veceras-bez-dogovora-lideri-stare-parlamentarne-vecine-nastavljaju-ujutro\/","title":{"rendered":"Ve\u010deras bez dogovora, lideri stare parlamentarne ve\u0107ine nastavljaju ujutro?"},"content":{"rendered":"<p>&#8220;Niko nije iznio negativan stav prema tome da Leki\u0107 bude mandatar. Pominjalo su se i drugi, poput gospodina Damjanovi\u0107a, Vanje \u0106alovi\u0107&#8230; Prepreka vi\u0161e nije to \u0161to su govorili da Abazovi\u0107 ne\u0107e dati fotelju. Po\u0161teno smo iznijeli zahtjeve uz kolege iz DF-a. Da li su prihvatljivi drugima &#8211; osjetili smo da nisu. Odrekli smo se mjesta premijera&#8221;, rekao je Abazovi\u0107 nakon sastanka, prenosi portal Vijesti.<\/p>\n<p>Abazovi\u0107 je pohvalio lidera Nove srpske demokratije Andriju Mandi\u0107a za na\u010din na koji vodi pregovore.<\/p>\n<p>&nbsp;<\/p>\n<blockquote class=\"wp-embedded-content\" data-secret=\"mT7KF7PJj1\"><p><a href=\"https:\/\/www.pcnen.com\/portal\/2022\/09\/14\/mandic-razgovarali-smo-o-lekicu-kao-buducem-mandataru-veceras-nastavak-razgovora\/\">Mandi\u0107: Razgovarali smo o Leki\u0107u kao budu\u0107em mandataru, ve\u010deras nastavak razgovora<\/a><\/p><\/blockquote>\n<p><iframe loading=\"lazy\" class=\"wp-embedded-content\" sandbox=\"allow-scripts\" security=\"restricted\" style=\"position: absolute; clip: rect(1px, 1px, 1px, 1px);\" title=\"&#8220;Mandi\u0107: Razgovarali smo o Leki\u0107u kao budu\u0107em mandataru, ve\u010deras nastavak razgovora&#8221; &#8212; PCNEN\" src=\"https:\/\/www.pcnen.com\/portal\/2022\/09\/14\/mandic-razgovarali-smo-o-lekicu-kao-buducem-mandataru-veceras-nastavak-razgovora\/embed\/#?secret=Cdl79m1gqG#?secret=mT7KF7PJj1\" data-secret=\"mT7KF7PJj1\" width=\"600\" height=\"338\" frameborder=\"0\" marginwidth=\"0\" marginheight=\"0\" scrolling=\"no\"><\/iframe><\/p>\n","protected":false},"excerpt":{"rendered":"<p>Sastanak stare parlamentarne ve\u0107ine vjerovatno \u0107e biti nastavljen ujutru, saop\u0161tio je ve\u010deras Dritan Abazovi\u0107, lider URA i premijer vlade kojoj je izglasano nepovjerenje.<\/p>\n","protected":false},"author":1,"featured_media":275011,"comment_status":"open","ping_status":"closed","sticky":false,"template":"","format":"standard","meta":{"_seopress_robots_primary_cat":"","_seopress_titles_title":"","_seopress_titles_desc":"","_seopress_robots_index":"","_et_pb_use_builder":"","_et_pb_old_content":"","_et_gb_content_width":"","inline_featured_image":false,"footnotes":""},"categories":[14],"tags":[],"class_list":["post-355177","post","type-post","status-publish","format-standard","has-post-thumbnail","hentry","category-vijesti"],"_links":{"self":[{"href":"https:\/\/www.pcnen.com\/portal\/wp-json\/wp\/v2\/posts\/355177","targetHints":{"allow":["GET"]}}],"collection":[{"href":"https:\/\/www.pcnen.com\/portal\/wp-json\/wp\/v2\/posts"}],"about":[{"href":"https:\/\/www.pcnen.com\/portal\/wp-json\/wp\/v2\/types\/post"}],"author":[{"embeddable":true,"href":"https:\/\/www.pcnen.com\/portal\/wp-json\/wp\/v2\/users\/1"}],"replies":[{"embeddable":true,"href":"https:\/\/www.pcnen.com\/portal\/wp-json\/wp\/v2\/comments?post=355177"}],"version-history":[{"count":3,"href":"https:\/\/www.pcnen.com\/portal\/wp-json\/wp\/v2\/posts\/355177\/revisions"}],"predecessor-version":[{"id":355180,"href":"https:\/\/www.pcnen.com\/portal\/wp-json\/wp\/v2\/posts\/355177\/revisions\/355180"}],"wp:featuredmedia":[{"embeddable":true,"href":"https:\/\/www.pcnen.com\/portal\/wp-json\/wp\/v2\/media\/275011"}],"wp:attachment":[{"href":"https:\/\/www.pcnen.com\/portal\/wp-json\/wp\/v2\/media?parent=355177"}],"wp:term":[{"taxonomy":"category","embeddable":true,"href":"https:\/\/www.pcnen.com\/portal\/wp-json\/wp\/v2\/categories?post=355177"},{"taxonomy":"post_tag","embeddable":true,"href":"https:\/\/www.pcnen.com\/portal\/wp-json\/wp\/v2\/tags?post=355177"}],"curies":[{"name":"wp","href":"https:\/\/api.w.org\/{rel}","templated":true}]}}