{"id":355173,"date":"2022-09-14T22:40:47","date_gmt":"2022-09-14T20:40:47","guid":{"rendered":"https:\/\/www.pcnen.com\/portal\/?p=355173"},"modified":"2022-09-14T22:40:47","modified_gmt":"2022-09-14T20:40:47","slug":"malo-do-umjereno-oblacno-sa-suncanim-intervalima-kisa-navece","status":"publish","type":"post","link":"https:\/\/www.pcnen.com\/portal\/2022\/09\/14\/malo-do-umjereno-oblacno-sa-suncanim-intervalima-kisa-navece\/","title":{"rendered":"Malo do umjereno obla\u010dno sa sun\u010danim intervalima, ki\u0161a nave\u010de"},"content":{"rendered":"<p>Vjetar s juga bi\u0107e mjestimi\u010dno umjeren do poja\u010dan, a na udare ponegdje i jak.<\/p>\n<p>Jutarnja temperatura vazduha bi\u0107e u rasponu od 9 do 19, a najvi\u0161a dnevna od 22 do 30 stepeni.<\/p>\n<p>U Podgorici bi\u0107e malo do umjereno obla\u010dno sa du\u017eim sun\u010danim intervalima.<\/p>\n<p>Krajem dana \u0107e se pove\u0107ati obla\u010dnosti, a kasno tokom no\u0107i bi\u0107e uslova za ki\u0161u ili pljusak i grmljavinu. Vjetar s juga bi\u0107e uglavnom slab do umjeren.<\/p>\n<p>Jutarnja temperatura vazduha bi\u0107e oko 19, a najvi\u0161a dnevna do 30 stepeni.<\/p>\n<p><a href=\"http:\/\/www.meteo.co.me\/page.php?id=31\" target=\"_blank\" rel=\"noopener\">Ra\u010dunarska prognoza.<\/a><\/p>\n","protected":false},"excerpt":{"rendered":"<p>Pove\u0107anje obla\u010dnosti se najavljuje za kraj dana, a tokom no\u0107i mjestimi\u010dno ki\u0161a ili pljusak i grmljavina, prvenstveno u zapadnim, jugozapadnim i centralnim krajevima Crne Gore.<\/p>\n","protected":false},"author":1,"featured_media":342177,"comment_status":"open","ping_status":"closed","sticky":false,"template":"","format":"standard","meta":{"_seopress_robots_primary_cat":"","_seopress_titles_title":"","_seopress_titles_desc":"","_seopress_robots_index":"","_et_pb_use_builder":"","_et_pb_old_content":"","_et_gb_content_width":"","inline_featured_image":false,"footnotes":""},"categories":[14],"tags":[],"class_list":["post-355173","post","type-post","status-publish","format-standard","has-post-thumbnail","hentry","category-vijesti"],"_links":{"self":[{"href":"https:\/\/www.pcnen.com\/portal\/wp-json\/wp\/v2\/posts\/355173","targetHints":{"allow":["GET"]}}],"collection":[{"href":"https:\/\/www.pcnen.com\/portal\/wp-json\/wp\/v2\/posts"}],"about":[{"href":"https:\/\/www.pcnen.com\/portal\/wp-json\/wp\/v2\/types\/post"}],"author":[{"embeddable":true,"href":"https:\/\/www.pcnen.com\/portal\/wp-json\/wp\/v2\/users\/1"}],"replies":[{"embeddable":true,"href":"https:\/\/www.pcnen.com\/portal\/wp-json\/wp\/v2\/comments?post=355173"}],"version-history":[{"count":1,"href":"https:\/\/www.pcnen.com\/portal\/wp-json\/wp\/v2\/posts\/355173\/revisions"}],"predecessor-version":[{"id":355174,"href":"https:\/\/www.pcnen.com\/portal\/wp-json\/wp\/v2\/posts\/355173\/revisions\/355174"}],"wp:featuredmedia":[{"embeddable":true,"href":"https:\/\/www.pcnen.com\/portal\/wp-json\/wp\/v2\/media\/342177"}],"wp:attachment":[{"href":"https:\/\/www.pcnen.com\/portal\/wp-json\/wp\/v2\/media?parent=355173"}],"wp:term":[{"taxonomy":"category","embeddable":true,"href":"https:\/\/www.pcnen.com\/portal\/wp-json\/wp\/v2\/categories?post=355173"},{"taxonomy":"post_tag","embeddable":true,"href":"https:\/\/www.pcnen.com\/portal\/wp-json\/wp\/v2\/tags?post=355173"}],"curies":[{"name":"wp","href":"https:\/\/api.w.org\/{rel}","templated":true}]}}