{"id":355167,"date":"2022-09-14T21:38:28","date_gmt":"2022-09-14T19:38:28","guid":{"rendered":"https:\/\/www.pcnen.com\/portal\/?p=355167"},"modified":"2022-09-14T21:38:28","modified_gmt":"2022-09-14T19:38:28","slug":"madrid-svestenik-zlostavljao-sedam-djecaka-dobio-30-godina-robije","status":"publish","type":"post","link":"https:\/\/www.pcnen.com\/portal\/2022\/09\/14\/madrid-svestenik-zlostavljao-sedam-djecaka-dobio-30-godina-robije\/","title":{"rendered":"Madrid: Sve\u0161tenik zlostavljao sedam dje\u010daka, dobio 30 godina robije"},"content":{"rendered":"<p>U presudi sud je naveo da je sve\u0161tenik iskoristio svoj polo\u017eaj da neprikladno dodiruje genitalije dje\u010daka, na primjer dok se pretvarao da se igra u bazenu ili u privatnim prostorijama pod izgovorom medicinskog lije\u010denja, prenio je Reuters.<\/p>\n<p>Sud je zaklju\u010dio da je dodirivanje bilo o\u010digledno seksualnog karaktera i nalo\u017eio osu\u0111enom da plati kaznu od 52.920 eura i od\u0161tetu od 2.000 eura svakoj od \u017ertava.<\/p>\n<p>Navodi o zlostavljanjima djece od katoli\u010dkog sve\u0161tenstva i o mogu\u0107em zata\u0161kavanju Crkve pojavili su se posljednjih mjeseci u \u0160paniji, godinama nakon \u0161to su sli\u010dni skandali potresli Crkvu u drugim zemljama kao \u0161to su SAD, Irska i Francuska.<\/p>\n<p>Crkveni zvani\u010dnici nisu odmah bili dostupni za komentar, a biv\u0161i sve\u0161tenik je u pro\u0161losti negirao da je lo\u0161e postupao.<\/p>\n<p>Navodi se da je vjerski autoritet u centralnoj provinciji Siudad Real oduzeo sve\u0161teniku \u010din 2019. godine i prijavio slu\u010daj tu\u017eiocima nakon interne istrage o zlostavljanjima po\u010dinjenim kada je podu\u010davao studente tinejd\u017eere.<\/p>\n<p>List &#8220;El Pais&#8221; je u decembru pro\u0161le godine izvijestio o vi\u0161e od 1.200 navodnih slu\u010dajeva zlostavljanja od strane sve\u0161tenstva u trajanju od sedam decenija, a parlament je kasnije dao zadatak dr\u017eavnom ombudsmanu da sprovede istragu.<\/p>\n<p>Ombudsman Anhel Gabilondo rekao je da je njegova kancelarija ve\u0107 u prva dva mjeseca istrage pomogla 201 \u017ertvi, prenosi Nova.rs.<\/p>\n<p>Katoli\u010dka crkva u \u0160paniji saop\u0161tila je po\u010detkom 2022. da je duboko o\u017ealo\u0161\u0107ena zloupotrebama i da \u0107e sara\u0111ivati s vlastima i pru\u017eiti transparentnost, pomo\u0107 i reparacije \u017ertvama.<\/p>\n<p>Reuters navodi da je pokrenuta istraga na nivou biskupije koju nadgleda privatna advokatska firma.<\/p>\n","protected":false},"excerpt":{"rendered":"<p>Vrhovni sud \u0160panije osudio je biv\u0161eg sve\u0161tenika na 30 godina zatvora zbog zlostavljanja sedmoro maloljetnika u katoli\u010dkom internatu prije skoro deceniju, kada je radio kao njihov u\u010ditelj.<\/p>\n","protected":false},"author":1,"featured_media":329860,"comment_status":"open","ping_status":"closed","sticky":false,"template":"","format":"standard","meta":{"_seopress_robots_primary_cat":"","_seopress_titles_title":"","_seopress_titles_desc":"","_seopress_robots_index":"","_et_pb_use_builder":"","_et_pb_old_content":"","_et_gb_content_width":"","inline_featured_image":false,"footnotes":""},"categories":[14],"tags":[],"class_list":["post-355167","post","type-post","status-publish","format-standard","has-post-thumbnail","hentry","category-vijesti"],"_links":{"self":[{"href":"https:\/\/www.pcnen.com\/portal\/wp-json\/wp\/v2\/posts\/355167","targetHints":{"allow":["GET"]}}],"collection":[{"href":"https:\/\/www.pcnen.com\/portal\/wp-json\/wp\/v2\/posts"}],"about":[{"href":"https:\/\/www.pcnen.com\/portal\/wp-json\/wp\/v2\/types\/post"}],"author":[{"embeddable":true,"href":"https:\/\/www.pcnen.com\/portal\/wp-json\/wp\/v2\/users\/1"}],"replies":[{"embeddable":true,"href":"https:\/\/www.pcnen.com\/portal\/wp-json\/wp\/v2\/comments?post=355167"}],"version-history":[{"count":1,"href":"https:\/\/www.pcnen.com\/portal\/wp-json\/wp\/v2\/posts\/355167\/revisions"}],"predecessor-version":[{"id":355168,"href":"https:\/\/www.pcnen.com\/portal\/wp-json\/wp\/v2\/posts\/355167\/revisions\/355168"}],"wp:featuredmedia":[{"embeddable":true,"href":"https:\/\/www.pcnen.com\/portal\/wp-json\/wp\/v2\/media\/329860"}],"wp:attachment":[{"href":"https:\/\/www.pcnen.com\/portal\/wp-json\/wp\/v2\/media?parent=355167"}],"wp:term":[{"taxonomy":"category","embeddable":true,"href":"https:\/\/www.pcnen.com\/portal\/wp-json\/wp\/v2\/categories?post=355167"},{"taxonomy":"post_tag","embeddable":true,"href":"https:\/\/www.pcnen.com\/portal\/wp-json\/wp\/v2\/tags?post=355167"}],"curies":[{"name":"wp","href":"https:\/\/api.w.org\/{rel}","templated":true}]}}