{"id":355165,"date":"2022-09-15T10:42:46","date_gmt":"2022-09-15T08:42:46","guid":{"rendered":"https:\/\/www.pcnen.com\/portal\/?p=355165"},"modified":"2022-09-15T10:42:19","modified_gmt":"2022-09-15T08:42:19","slug":"predsjednik-dukanovic-pocinje-konsultacije-sa-dps-df-i-demokratama","status":"publish","type":"post","link":"https:\/\/www.pcnen.com\/portal\/2022\/09\/15\/predsjednik-dukanovic-pocinje-konsultacije-sa-dps-df-i-demokratama\/","title":{"rendered":"Predsjednik \u0110ukanovi\u0107 po\u010dinje konsultacije sa DPS, DF i Demokratama"},"content":{"rendered":"<p>\u201eKonsultacije sa Demokratskom partijom socijalista, Demokratskim frontom i Demokratskom Crnom Gorom zakazane su za \u010detvrtak (15.9.2022)\u201c, navodi se u saop\u0161tenju Slu\u017ebe za informisanje predsjednika Crne Gore.<\/p>\n<p>U Skup\u0161tini je 19. avgusta izglasano nepovjerenje Vladi Dritana Abazovi\u0107a.<\/p>\n","protected":false},"excerpt":{"rendered":"<p>Predsjednik Crne Gore Milo \u0110ukanovi\u0107 \u0107e danas po\u010deti konsultacije sa predstavnicima politi\u010dkih partija, odnosno koalicija zastupljenih u Skup\u0161tini.<\/p>\n","protected":false},"author":1,"featured_media":281463,"comment_status":"open","ping_status":"closed","sticky":false,"template":"","format":"standard","meta":{"_seopress_robots_primary_cat":"","_seopress_titles_title":"","_seopress_titles_desc":"","_seopress_robots_index":"","_et_pb_use_builder":"","_et_pb_old_content":"","_et_gb_content_width":"","inline_featured_image":false,"footnotes":""},"categories":[14],"tags":[],"class_list":["post-355165","post","type-post","status-publish","format-standard","has-post-thumbnail","hentry","category-vijesti"],"_links":{"self":[{"href":"https:\/\/www.pcnen.com\/portal\/wp-json\/wp\/v2\/posts\/355165","targetHints":{"allow":["GET"]}}],"collection":[{"href":"https:\/\/www.pcnen.com\/portal\/wp-json\/wp\/v2\/posts"}],"about":[{"href":"https:\/\/www.pcnen.com\/portal\/wp-json\/wp\/v2\/types\/post"}],"author":[{"embeddable":true,"href":"https:\/\/www.pcnen.com\/portal\/wp-json\/wp\/v2\/users\/1"}],"replies":[{"embeddable":true,"href":"https:\/\/www.pcnen.com\/portal\/wp-json\/wp\/v2\/comments?post=355165"}],"version-history":[{"count":3,"href":"https:\/\/www.pcnen.com\/portal\/wp-json\/wp\/v2\/posts\/355165\/revisions"}],"predecessor-version":[{"id":355207,"href":"https:\/\/www.pcnen.com\/portal\/wp-json\/wp\/v2\/posts\/355165\/revisions\/355207"}],"wp:featuredmedia":[{"embeddable":true,"href":"https:\/\/www.pcnen.com\/portal\/wp-json\/wp\/v2\/media\/281463"}],"wp:attachment":[{"href":"https:\/\/www.pcnen.com\/portal\/wp-json\/wp\/v2\/media?parent=355165"}],"wp:term":[{"taxonomy":"category","embeddable":true,"href":"https:\/\/www.pcnen.com\/portal\/wp-json\/wp\/v2\/categories?post=355165"},{"taxonomy":"post_tag","embeddable":true,"href":"https:\/\/www.pcnen.com\/portal\/wp-json\/wp\/v2\/tags?post=355165"}],"curies":[{"name":"wp","href":"https:\/\/api.w.org\/{rel}","templated":true}]}}