{"id":355163,"date":"2022-09-14T21:26:42","date_gmt":"2022-09-14T19:26:42","guid":{"rendered":"https:\/\/www.pcnen.com\/portal\/?p=355163"},"modified":"2022-09-14T21:26:42","modified_gmt":"2022-09-14T19:26:42","slug":"vucic-zahvaljujuci-nasem-javasluku-i-neradu-crna-gora-je-2006-postala-nezavisna-drzava","status":"publish","type":"post","link":"https:\/\/www.pcnen.com\/portal\/2022\/09\/14\/vucic-zahvaljujuci-nasem-javasluku-i-neradu-crna-gora-je-2006-postala-nezavisna-drzava\/","title":{"rendered":"Vu\u010di\u0107: Zahvaljuju\u0107i na\u0161em java\u0161luku i neradu Crna Gora je 2006. postala nezavisna dr\u017eava"},"content":{"rendered":"<p>\u201cOd 2000. godine po\u010deo je raspad dr\u017eavne zajednice sa Crnom Gorom, da bi 2006. godine Crna Gora donijela odluku da postane nezavisna zemlja, zahvaljuju\u0107i na\u0161em java\u0161luku, neradu i svemu ostalom. Isotvremeno, pogrom je bio 2004. godine, 2008. godine je progla\u0161ena jednostrana nezavisnost Kosova. Nama kada su rekli da pozovemo \u010dlanstvo i narod, mi smo to radili. Iako smo bili opozicija, sve smo radili za svoju zemlju, nismo htjeli da idemo protiv vlasti po svaku cijenu\u201d, rekao danas u skup\u0161tini predsjednik Srbije Aleksandar Vu\u010di\u0107 i dodao da je dvije godine kasnije to uradilo i Kosovo, prenosi Tanjug.<\/p>\n","protected":false},"excerpt":{"rendered":"<p>Predsjednik Srbije Aleksandar Vu\u010di\u0107 je, odgovaraju\u0107i danas na pitanja poslanika u Skup\u0161tini Srbije podsjetio na \u2018neuspjehe\u2019 Srbije u prethodnom periodu.<\/p>\n","protected":false},"author":1,"featured_media":304484,"comment_status":"open","ping_status":"closed","sticky":false,"template":"","format":"standard","meta":{"_seopress_robots_primary_cat":"","_seopress_titles_title":"","_seopress_titles_desc":"","_seopress_robots_index":"","_et_pb_use_builder":"","_et_pb_old_content":"","_et_gb_content_width":"","inline_featured_image":false,"footnotes":""},"categories":[14],"tags":[],"class_list":["post-355163","post","type-post","status-publish","format-standard","has-post-thumbnail","hentry","category-vijesti"],"_links":{"self":[{"href":"https:\/\/www.pcnen.com\/portal\/wp-json\/wp\/v2\/posts\/355163","targetHints":{"allow":["GET"]}}],"collection":[{"href":"https:\/\/www.pcnen.com\/portal\/wp-json\/wp\/v2\/posts"}],"about":[{"href":"https:\/\/www.pcnen.com\/portal\/wp-json\/wp\/v2\/types\/post"}],"author":[{"embeddable":true,"href":"https:\/\/www.pcnen.com\/portal\/wp-json\/wp\/v2\/users\/1"}],"replies":[{"embeddable":true,"href":"https:\/\/www.pcnen.com\/portal\/wp-json\/wp\/v2\/comments?post=355163"}],"version-history":[{"count":1,"href":"https:\/\/www.pcnen.com\/portal\/wp-json\/wp\/v2\/posts\/355163\/revisions"}],"predecessor-version":[{"id":355164,"href":"https:\/\/www.pcnen.com\/portal\/wp-json\/wp\/v2\/posts\/355163\/revisions\/355164"}],"wp:featuredmedia":[{"embeddable":true,"href":"https:\/\/www.pcnen.com\/portal\/wp-json\/wp\/v2\/media\/304484"}],"wp:attachment":[{"href":"https:\/\/www.pcnen.com\/portal\/wp-json\/wp\/v2\/media?parent=355163"}],"wp:term":[{"taxonomy":"category","embeddable":true,"href":"https:\/\/www.pcnen.com\/portal\/wp-json\/wp\/v2\/categories?post=355163"},{"taxonomy":"post_tag","embeddable":true,"href":"https:\/\/www.pcnen.com\/portal\/wp-json\/wp\/v2\/tags?post=355163"}],"curies":[{"name":"wp","href":"https:\/\/api.w.org\/{rel}","templated":true}]}}