{"id":355149,"date":"2022-09-14T14:52:57","date_gmt":"2022-09-14T12:52:57","guid":{"rendered":"https:\/\/www.pcnen.com\/portal\/?p=355149"},"modified":"2022-09-14T14:52:57","modified_gmt":"2022-09-14T12:52:57","slug":"queer-montenegro-pozvao-anu-brnabic-da-sklopi-partnerstvo-sa-svojom-partnerkom-u-cg","status":"publish","type":"post","link":"https:\/\/www.pcnen.com\/portal\/2022\/09\/14\/queer-montenegro-pozvao-anu-brnabic-da-sklopi-partnerstvo-sa-svojom-partnerkom-u-cg\/","title":{"rendered":"Queer Montenegro pozvao Anu Brnabi\u0107 da sklopi partnerstvo sa svojom partnerkom u CG"},"content":{"rendered":"<p>&#8220;Pozivamo Anu Brnabi\u0107 da sklopi partnerstvo sa svojom partnerkom u Crnoj Gori, kao \u0161to to rade mnogi dr\u017eavljani Srbije i da nakon toga one svoja prava zatra\u017ee pred sudovima u Srbiji, koja je kao \u010dlanica Savjeta Evrope u obavezi da obezbijedi po\u0161tovanje prava istopolnim parovima&#8221;, napisala je ta asocijacija na Facebook stranici.<br \/>\n<iframe loading=\"lazy\" style=\"border: none; overflow: hidden;\" src=\"https:\/\/www.facebook.com\/plugins\/post.php?href=https%3A%2F%2Fwww.facebook.com%2FQueer.Montenegro%2Fposts%2Fpfbid02EBNiFxyR6q194ysnsLx2a6p4z8VJf5k3cuJydkqD8YeQkQJf6m4cznhW3c4rgjwAl&amp;show_text=true&amp;width=500\" width=\"500\" height=\"446\" frameborder=\"0\" scrolling=\"no\" allowfullscreen=\"allowfullscreen\"><\/iframe><\/p>\n","protected":false},"excerpt":{"rendered":"<p>LGBTIQ asocijacija &#8220;Queer Montenegro&#8221; pozvala je danas predsjednicu Vlade Srbije Anu Brnabi\u0107 da u Crnoj Gori sklopi partnerstvo sa svojom partnerkom, po\u0161to je izjavila da je i ona diskriminisana i da nije privilegovana.<\/p>\n","protected":false},"author":1,"featured_media":355150,"comment_status":"open","ping_status":"closed","sticky":false,"template":"","format":"standard","meta":{"_seopress_robots_primary_cat":"","_seopress_titles_title":"","_seopress_titles_desc":"","_seopress_robots_index":"","_et_pb_use_builder":"","_et_pb_old_content":"","_et_gb_content_width":"","inline_featured_image":false,"footnotes":""},"categories":[14],"tags":[],"class_list":["post-355149","post","type-post","status-publish","format-standard","has-post-thumbnail","hentry","category-vijesti"],"_links":{"self":[{"href":"https:\/\/www.pcnen.com\/portal\/wp-json\/wp\/v2\/posts\/355149","targetHints":{"allow":["GET"]}}],"collection":[{"href":"https:\/\/www.pcnen.com\/portal\/wp-json\/wp\/v2\/posts"}],"about":[{"href":"https:\/\/www.pcnen.com\/portal\/wp-json\/wp\/v2\/types\/post"}],"author":[{"embeddable":true,"href":"https:\/\/www.pcnen.com\/portal\/wp-json\/wp\/v2\/users\/1"}],"replies":[{"embeddable":true,"href":"https:\/\/www.pcnen.com\/portal\/wp-json\/wp\/v2\/comments?post=355149"}],"version-history":[{"count":1,"href":"https:\/\/www.pcnen.com\/portal\/wp-json\/wp\/v2\/posts\/355149\/revisions"}],"predecessor-version":[{"id":355151,"href":"https:\/\/www.pcnen.com\/portal\/wp-json\/wp\/v2\/posts\/355149\/revisions\/355151"}],"wp:featuredmedia":[{"embeddable":true,"href":"https:\/\/www.pcnen.com\/portal\/wp-json\/wp\/v2\/media\/355150"}],"wp:attachment":[{"href":"https:\/\/www.pcnen.com\/portal\/wp-json\/wp\/v2\/media?parent=355149"}],"wp:term":[{"taxonomy":"category","embeddable":true,"href":"https:\/\/www.pcnen.com\/portal\/wp-json\/wp\/v2\/categories?post=355149"},{"taxonomy":"post_tag","embeddable":true,"href":"https:\/\/www.pcnen.com\/portal\/wp-json\/wp\/v2\/tags?post=355149"}],"curies":[{"name":"wp","href":"https:\/\/api.w.org\/{rel}","templated":true}]}}