{"id":355142,"date":"2022-09-14T12:48:10","date_gmt":"2022-09-14T10:48:10","guid":{"rendered":"https:\/\/www.pcnen.com\/portal\/?p=355142"},"modified":"2022-09-14T12:48:10","modified_gmt":"2022-09-14T10:48:10","slug":"violeti-klikovac-zadrzavanje-do-72-sata","status":"publish","type":"post","link":"https:\/\/www.pcnen.com\/portal\/2022\/09\/14\/violeti-klikovac-zadrzavanje-do-72-sata\/","title":{"rendered":"Violeti Klikovac zadr\u017eavanje do 72 sata"},"content":{"rendered":"<p>Ona je ju\u010de, po nalogu tu\u017eila\u0161tva, uhap\u0161ena zbog sumnje da je po\u010dinila krivi\u010dno djelo zloupotreba slu\u017ebenog polo\u017eaja.<\/p>\n<p>Specijalni tu\u017eilac Vukas Radonji\u0107 saop\u0161tio je ju\u010de da je V.K. uhap\u0161ena zbog sumnje da je, kao slu\u017ebeno lice, koje obavlja poslove od javnog interesa, po\u010dinila krivi\u010dno djelo zloupotreba slu\u017ebenog polo\u017eaja.<\/p>\n<p>&#8220;Lice li\u0161eno slobode \u0107e radi saslu\u0161anja u svojstvu osumnji\u010denog, biti sprovedeno dr\u017eavnom tu\u017eiocu u zakonskom roku&#8221;, naveo je Radonji\u0107.<\/p>\n<p>Klikovac je na \u010delo podgori\u010dkih &#8220;Puteva&#8221; imenovana 2017. godine, a 2019. je podnijela ostavku na tu funkciju.<\/p>\n<p>&nbsp;<\/p>\n<blockquote class=\"wp-embedded-content\" data-secret=\"liHM5uZFE8\"><p><a href=\"https:\/\/www.pcnen.com\/portal\/2022\/09\/13\/uhapsena-bivsa-direktorica-preduzeca-putevi-podgorica\/\">Uhap\u0161ena biv\u0161a direktorica preduze\u0107a \u2018Putevi\u2019 Podgorica<\/a><\/p><\/blockquote>\n<p><iframe loading=\"lazy\" class=\"wp-embedded-content\" sandbox=\"allow-scripts\" security=\"restricted\" style=\"position: absolute; clip: rect(1px, 1px, 1px, 1px);\" title=\"&#8220;Uhap\u0161ena biv\u0161a direktorica preduze\u0107a \u2018Putevi\u2019 Podgorica&#8221; &#8212; PCNEN\" src=\"https:\/\/www.pcnen.com\/portal\/2022\/09\/13\/uhapsena-bivsa-direktorica-preduzeca-putevi-podgorica\/embed\/#?secret=GBSkVUvaPT#?secret=liHM5uZFE8\" data-secret=\"liHM5uZFE8\" width=\"600\" height=\"338\" frameborder=\"0\" marginwidth=\"0\" marginheight=\"0\" scrolling=\"no\"><\/iframe><\/p>\n","protected":false},"excerpt":{"rendered":"<p>Nakon saslu\u0161anja u Specijalnom dr\u017eavnom tu\u017eila\u0161tvu (SDT), biv\u0161oj izvr\u0161noj direktorici &#8220;Puteva&#8221; Violeti Klikovac odre\u0111eno je zadr\u017eavanj do 72 sata.<\/p>\n","protected":false},"author":1,"featured_media":355143,"comment_status":"open","ping_status":"closed","sticky":false,"template":"","format":"standard","meta":{"_seopress_robots_primary_cat":"","_seopress_titles_title":"","_seopress_titles_desc":"","_seopress_robots_index":"","_et_pb_use_builder":"","_et_pb_old_content":"","_et_gb_content_width":"","inline_featured_image":false,"footnotes":""},"categories":[14],"tags":[],"class_list":["post-355142","post","type-post","status-publish","format-standard","has-post-thumbnail","hentry","category-vijesti"],"_links":{"self":[{"href":"https:\/\/www.pcnen.com\/portal\/wp-json\/wp\/v2\/posts\/355142","targetHints":{"allow":["GET"]}}],"collection":[{"href":"https:\/\/www.pcnen.com\/portal\/wp-json\/wp\/v2\/posts"}],"about":[{"href":"https:\/\/www.pcnen.com\/portal\/wp-json\/wp\/v2\/types\/post"}],"author":[{"embeddable":true,"href":"https:\/\/www.pcnen.com\/portal\/wp-json\/wp\/v2\/users\/1"}],"replies":[{"embeddable":true,"href":"https:\/\/www.pcnen.com\/portal\/wp-json\/wp\/v2\/comments?post=355142"}],"version-history":[{"count":1,"href":"https:\/\/www.pcnen.com\/portal\/wp-json\/wp\/v2\/posts\/355142\/revisions"}],"predecessor-version":[{"id":355144,"href":"https:\/\/www.pcnen.com\/portal\/wp-json\/wp\/v2\/posts\/355142\/revisions\/355144"}],"wp:featuredmedia":[{"embeddable":true,"href":"https:\/\/www.pcnen.com\/portal\/wp-json\/wp\/v2\/media\/355143"}],"wp:attachment":[{"href":"https:\/\/www.pcnen.com\/portal\/wp-json\/wp\/v2\/media?parent=355142"}],"wp:term":[{"taxonomy":"category","embeddable":true,"href":"https:\/\/www.pcnen.com\/portal\/wp-json\/wp\/v2\/categories?post=355142"},{"taxonomy":"post_tag","embeddable":true,"href":"https:\/\/www.pcnen.com\/portal\/wp-json\/wp\/v2\/tags?post=355142"}],"curies":[{"name":"wp","href":"https:\/\/api.w.org\/{rel}","templated":true}]}}