{"id":355140,"date":"2022-09-14T12:40:29","date_gmt":"2022-09-14T10:40:29","guid":{"rendered":"https:\/\/www.pcnen.com\/portal\/?p=355140"},"modified":"2022-09-14T12:40:29","modified_gmt":"2022-09-14T10:40:29","slug":"majke-srebrenice-gospodine-milanovicu-niste-vise-dobrodosli-u-srebrenicu","status":"publish","type":"post","link":"https:\/\/www.pcnen.com\/portal\/2022\/09\/14\/majke-srebrenice-gospodine-milanovicu-niste-vise-dobrodosli-u-srebrenicu\/","title":{"rendered":"Majke Srebrenice: Gospodine Milanovi\u0107u, niste vi\u0161e dobrodo\u0161li u Srebrenicu"},"content":{"rendered":"<p>\u201eGospodine Milanovi\u0107u, bili ste u \u0161oku, kada ste 2012. do\u0161li u Srebrenicu na komemoraciju i d\u017eenazu \u017ertvama genocida, niste mogli sebi objasniti da se desio genocid na kraju 21 vijeka, niste mogli vjerovati da je to mogao ljudski um po\u010diniti, ali ste videli da jeste.<\/p>\n<p>\u017dalosno je da nakon svega, danas, vrije\u0111ate \u017ertve genocida i majke Srebrenice, a ko nema po\u0161tovanje prema tu\u0111oj majci, nema ni prema vlastitoj.<\/p>\n<p>Poruke koje sada \u0161aljete u 21 vijeku, kada je sva civilizacija osudila genocid po\u010dinjen nad Bo\u0161njacima u Srebrenici, govori da ste nacionalista i jedan nedorastao politi\u010dar u dana\u0161njoj Evropi.<\/p>\n<p>Majke Srebrenice su obi\u0161le sva strati\u0161ta u Republici Hrvatskoj od Vukovara do Pakraca i saosje\u0107aju sa \u017ertvama agresije na Republiku Hrvatsku.<\/p>\n<p>\u017delimo da Vam poru\u010dimo da Vi, vi\u0161e niste dobro do\u0161li u Srebrenicu\u201c, stoji u pismu.<\/p>\n","protected":false},"excerpt":{"rendered":"<p>Nakon \u0161to je predsjednik Hrvatske proteklih dana ponovo negirao genocid po\u010dinjen u Srebrenici, iz Udru\u017eenja \u017ertava i svjedoka genocida i Pokreta \u201eMajke enklava Srebrenica i \u017depa\u201c upu\u0107eno mu je pismo u kojem mu \u017ertve jasno poru\u010duju da vi\u0161e nije dobrodo\u0161ao u Srebrenicu.<\/p>\n","protected":false},"author":1,"featured_media":152202,"comment_status":"open","ping_status":"closed","sticky":false,"template":"","format":"standard","meta":{"_seopress_robots_primary_cat":"","_seopress_titles_title":"","_seopress_titles_desc":"","_seopress_robots_index":"","_et_pb_use_builder":"","_et_pb_old_content":"","_et_gb_content_width":"","inline_featured_image":false,"footnotes":""},"categories":[14],"tags":[],"class_list":["post-355140","post","type-post","status-publish","format-standard","has-post-thumbnail","hentry","category-vijesti"],"_links":{"self":[{"href":"https:\/\/www.pcnen.com\/portal\/wp-json\/wp\/v2\/posts\/355140","targetHints":{"allow":["GET"]}}],"collection":[{"href":"https:\/\/www.pcnen.com\/portal\/wp-json\/wp\/v2\/posts"}],"about":[{"href":"https:\/\/www.pcnen.com\/portal\/wp-json\/wp\/v2\/types\/post"}],"author":[{"embeddable":true,"href":"https:\/\/www.pcnen.com\/portal\/wp-json\/wp\/v2\/users\/1"}],"replies":[{"embeddable":true,"href":"https:\/\/www.pcnen.com\/portal\/wp-json\/wp\/v2\/comments?post=355140"}],"version-history":[{"count":1,"href":"https:\/\/www.pcnen.com\/portal\/wp-json\/wp\/v2\/posts\/355140\/revisions"}],"predecessor-version":[{"id":355141,"href":"https:\/\/www.pcnen.com\/portal\/wp-json\/wp\/v2\/posts\/355140\/revisions\/355141"}],"wp:featuredmedia":[{"embeddable":true,"href":"https:\/\/www.pcnen.com\/portal\/wp-json\/wp\/v2\/media\/152202"}],"wp:attachment":[{"href":"https:\/\/www.pcnen.com\/portal\/wp-json\/wp\/v2\/media?parent=355140"}],"wp:term":[{"taxonomy":"category","embeddable":true,"href":"https:\/\/www.pcnen.com\/portal\/wp-json\/wp\/v2\/categories?post=355140"},{"taxonomy":"post_tag","embeddable":true,"href":"https:\/\/www.pcnen.com\/portal\/wp-json\/wp\/v2\/tags?post=355140"}],"curies":[{"name":"wp","href":"https:\/\/api.w.org\/{rel}","templated":true}]}}