{"id":355133,"date":"2022-09-14T10:56:28","date_gmt":"2022-09-14T08:56:28","guid":{"rendered":"https:\/\/www.pcnen.com\/portal\/?p=355133"},"modified":"2022-09-14T10:56:28","modified_gmt":"2022-09-14T08:56:28","slug":"damjanovic-ove-i-naredne-godine-nije-planirano-zaduzenje-kod-mmf","status":"publish","type":"post","link":"https:\/\/www.pcnen.com\/portal\/2022\/09\/14\/damjanovic-ove-i-naredne-godine-nije-planirano-zaduzenje-kod-mmf\/","title":{"rendered":"Damjanovi\u0107: Ove i naredne godine nije planirano zadu\u017eenje kod MMF"},"content":{"rendered":"<p>Za 28. septembar zakazana je sjednica Skup\u0161tine na kojoj \u0107e se raspravljati o rebalansu i zadu\u017eenju od 350 miliona eura.<\/p>\n<p>Ministar finansija je za Radio Crne Gore, kazao kako o\u010dekuje da se sa poslanicima otvore sva pitanja o javnim finansijama.<\/p>\n<p>Damjanovi\u0107 \u0107e sjutra biti u Sarajevu, koje je doma\u0107in takozvanog mini Samita MMF-a i SB. Ministar ka\u017ee da \u0107e naredne godine Crna Gora biti doma\u0107in takvog skupa.<\/p>\n<p>\u201cTo je prilika i da se opipa teren u smislu mogu\u0107ih aran\u017emana i mogu\u0107ih aspekata saradnje\u201d, poru\u010dio je Damjamovi\u0107 i dodao da ipak zadu\u017eenje kod MMF-a nije u planu.<\/p>\n<p>\u201cSa MMF-om je bilo preliminarnih razgovora u konktekstu saradnje. \u0160to se ti\u010de ove godine nema planova bilo kakvog aran\u017emana sa MMF-om, \u0161to se ti\u010de naredne godine tako\u0111e nema takvih planova, kao \u0161to nema planova ni sa obveznicama za 2023.\u201d, poru\u010dio je Damjanovi\u0107 i dodao kako je cilj da se sredstva obezbijede na najkonzervativniji mogu\u0107i na\u010din.<\/p>\n<p>U tom smislu po\u010deli su, kako ka\u017ee, neformalni razgovori sa doma\u0107im bankama, o zadu\u017eenju koje dr\u017eava planira da obavi nakon rebalansa.<\/p>\n<p>Nakon usvajanja rebalansa, kako dodaje Damjanovi\u0107, stvori\u0107e se i formalni uslovi za te razgovore.<\/p>\n","protected":false},"excerpt":{"rendered":"<p>Ministar finansija Aleksandar Damjanovi\u0107 o\u010dekuje da \u0107e Skup\u0161tina Crne Gore jednoglasno usvojiti rebalans bud\u017eeta, koji je Vlada ju\u010de usvojila.<\/p>\n","protected":false},"author":1,"featured_media":331035,"comment_status":"open","ping_status":"closed","sticky":false,"template":"","format":"standard","meta":{"_seopress_robots_primary_cat":"","_seopress_titles_title":"","_seopress_titles_desc":"","_seopress_robots_index":"","_et_pb_use_builder":"","_et_pb_old_content":"","_et_gb_content_width":"","inline_featured_image":false,"footnotes":""},"categories":[14],"tags":[],"class_list":["post-355133","post","type-post","status-publish","format-standard","has-post-thumbnail","hentry","category-vijesti"],"_links":{"self":[{"href":"https:\/\/www.pcnen.com\/portal\/wp-json\/wp\/v2\/posts\/355133","targetHints":{"allow":["GET"]}}],"collection":[{"href":"https:\/\/www.pcnen.com\/portal\/wp-json\/wp\/v2\/posts"}],"about":[{"href":"https:\/\/www.pcnen.com\/portal\/wp-json\/wp\/v2\/types\/post"}],"author":[{"embeddable":true,"href":"https:\/\/www.pcnen.com\/portal\/wp-json\/wp\/v2\/users\/1"}],"replies":[{"embeddable":true,"href":"https:\/\/www.pcnen.com\/portal\/wp-json\/wp\/v2\/comments?post=355133"}],"version-history":[{"count":1,"href":"https:\/\/www.pcnen.com\/portal\/wp-json\/wp\/v2\/posts\/355133\/revisions"}],"predecessor-version":[{"id":355134,"href":"https:\/\/www.pcnen.com\/portal\/wp-json\/wp\/v2\/posts\/355133\/revisions\/355134"}],"wp:featuredmedia":[{"embeddable":true,"href":"https:\/\/www.pcnen.com\/portal\/wp-json\/wp\/v2\/media\/331035"}],"wp:attachment":[{"href":"https:\/\/www.pcnen.com\/portal\/wp-json\/wp\/v2\/media?parent=355133"}],"wp:term":[{"taxonomy":"category","embeddable":true,"href":"https:\/\/www.pcnen.com\/portal\/wp-json\/wp\/v2\/categories?post=355133"},{"taxonomy":"post_tag","embeddable":true,"href":"https:\/\/www.pcnen.com\/portal\/wp-json\/wp\/v2\/tags?post=355133"}],"curies":[{"name":"wp","href":"https:\/\/api.w.org\/{rel}","templated":true}]}}