{"id":355116,"date":"2022-09-14T08:00:11","date_gmt":"2022-09-14T06:00:11","guid":{"rendered":"https:\/\/www.pcnen.com\/portal\/?p=355116"},"modified":"2022-09-14T08:00:11","modified_gmt":"2022-09-14T06:00:11","slug":"danas-molitve-za-brak-i-porodicu-nastavak-politickog-uticaja-spc-na-drzavu","status":"publish","type":"post","link":"https:\/\/www.pcnen.com\/portal\/2022\/09\/14\/danas-molitve-za-brak-i-porodicu-nastavak-politickog-uticaja-spc-na-drzavu\/","title":{"rendered":"Danas: Molitve \u2018za brak i porodicu\u2019 nastavak politi\u010dkog uticaja SPC na dr\u017eavu"},"content":{"rendered":"<p>Predrag Azdejkovi\u0107, glavni i odgovorni urednik gej magazina Optimist, isti\u010de da Crkva \u201eu svoja \u010detiri zida\u201c mo\u017ee da radi \u0161ta ho\u0107e ali ocjenjuje kao licemerno \u0161to ne postoje i molitve za \u017eene koje su \u017ertve nasilja, ili sli\u010dne potresne pojave u dru\u0161tvu ve\u0107 ozna\u010dava LGBT populaciju kao izvor sveg \u201ezla\u201c,<\/p>\n<p>\u201eZakon im dozvoljava da u svoja \u010detiri zida rade \u0161ta ho\u0107e, pa \u010dak i kada je to \u0161irenje netrpeljivosti i mr\u017enje prema LGBT populaciji. Ono \u0161to je u \u010ditavoj pri\u010di licemerno jeste da svakog dana \u010ditamo vesti o silovanju i ubijanju \u017eena ali u molitvi se to, naravno ne spominje! Licemerno je da nas crkva obele\u017eava kao zlo podnebesko, a mnogo ve\u0107em zlu ume da daje odlikovanja! Ali nema veze, sve dok patrijarh slu\u0161a kul muziku\u201e ka\u017ee Azdejkovi\u0107.<\/p>\n<p>Zoran Vuleti\u0107, predsjednik Gra\u0111anskog demokratskog foruma, isti\u010de da takvo promovisanje molitve u javnosti nema za cilj da duhovno smiruje\/uzdi\u017ee vernike ve\u0107 slu\u017ei kao potpora nedavnoj svojevrsnoj naredbi Porfirija da se povuku i izmijene ud\u017ebenici iz biologije.<\/p>\n<p>\u201eTom agresivnom napadu Patrijarha na sekularnu dr\u017eavu koju predstavljaju nesposobni i korumpirani ministri koji promptno izvr\u0161avaju njegove naredbe se moraju suprotstaviti gra\u0111ani, nastavnici, profesori. Sa svoje strane (GDF) aktivno \u0107u u\u010destvovati u \u0161iroj akciji za ukidanje veronauke u \u0161kolama\u201c, naglasio je on.<\/p>\n<p>Biljana \u0110or\u0111evi\u0107, narodna poslanica ispred grupe \u201cNe davimo Beograd\u201d, je naglasila da takve molitve uop\u0161te ne bi bile tema u javnosti da se one ti\u010du samo vjere i crkve, odnosno da SPC nije ta koja ugro\u017eva na\u010delo sekularnosti.<\/p>\n<p>\u201eSrbija je sekularna dr\u017eava i da SPC to ne ugro\u017eava, ne bih uop\u0161te komentarisala sadr\u017eaj bogoslu\u017eenja u crkvama i hramovima. Problem je \u0161to se SPC pona\u0161a kao politi\u010dki akter i \u0161to bi da u kona\u010dnici defini\u0161e dru\u0161tvene odnose i to na najreakcionarniji na\u010din. U Srbiji bi svi ljudi trebalo da budu jednaki, da imaju pravo da vole i \u017eive u razli\u010ditim oblicima porodi\u010dnog \u017eivota i da ta njihova ljubav i zajednica bude priznata\u201c, naglasila je \u0110or\u0111evi\u0107.<\/p>\n<p>Mla\u0111an \u0110or\u0111evi\u0107, predsjednik pokreta \u201cOslobo\u0111enje\u201d, smatra da narod i sve\u0161tenstvo treba da se mole za porodi\u010dne vrijednosti i o\u010duvanje braka, ali da to ne treba da bude pod vo\u0111stvom patrijarha Porfirija jer on nema smjelosti da se suprotstavi predsjedniku dr\u017eave.<\/p>\n<p>\u201eImaju\u0107i u vidu neprijatnu okolnost da je srpskog patrijarha Vu\u010di\u0107 javno ponizio, rekav\u0161i da se ne sla\u017ee bukvalno ni sa jednom re\u010dju koju je gospodin Porfirije izgovorio na litiji, i da se patrijarh pla\u0161i da mu javno i direktno odgovori, re\u0161enje je samo jedno: da patrijarh pobegne u \u0107o\u0161ak, a da sve\u0161tenstvu i narodu ostavi da se mole Bogu i za porodi\u010dne vrednosti, i za brak, i za decu, ali i za milost sa neba da nam podari nekog drugog patrijarha, dostojnijeg, manje zavisnog od dnevne politike i manje podre\u0111enog mafija\u0161koj Srpskoj narko stranci\u201c, naglasio je on, <a href=\"https:\/\/www.danas.rs\/vesti\/drustvo\/nastavak-politickog-uticaja-spc-na-drzavu-sagovornici-danasa-o-molitvama-za-brak-i-porodicu\/\" target=\"_blank\" rel=\"noopener\">objavio je Danas.<\/a><\/p>\n","protected":false},"excerpt":{"rendered":"<p>Odluka patrijarha Porfirija da se u hramovima i crkavama Srpske pravoslavne crkve na bogoslu\u017eenjima \u010dita i molitva za svetinju braka i porodice, u svijetlu protivljenja crkve odr\u017eavanju Evroprajda i iskazanim javnim osudama LGBT populacije, me\u0111u dijelom sagovornika beogradskog dnevnika Danas gleda se kao nastavak politi\u010dkog uticaja SPC na dr\u017eavu, a \u010dak i oni koji podr\u017eavaju ovakav vid molitve zamjeraju SPC na odnosu prema aktuelnoj vlasti.<\/p>\n","protected":false},"author":1,"featured_media":314322,"comment_status":"open","ping_status":"closed","sticky":false,"template":"","format":"standard","meta":{"_seopress_robots_primary_cat":"","_seopress_titles_title":"","_seopress_titles_desc":"","_seopress_robots_index":"","_et_pb_use_builder":"","_et_pb_old_content":"","_et_gb_content_width":"","inline_featured_image":false,"footnotes":""},"categories":[14],"tags":[],"class_list":["post-355116","post","type-post","status-publish","format-standard","has-post-thumbnail","hentry","category-vijesti"],"_links":{"self":[{"href":"https:\/\/www.pcnen.com\/portal\/wp-json\/wp\/v2\/posts\/355116","targetHints":{"allow":["GET"]}}],"collection":[{"href":"https:\/\/www.pcnen.com\/portal\/wp-json\/wp\/v2\/posts"}],"about":[{"href":"https:\/\/www.pcnen.com\/portal\/wp-json\/wp\/v2\/types\/post"}],"author":[{"embeddable":true,"href":"https:\/\/www.pcnen.com\/portal\/wp-json\/wp\/v2\/users\/1"}],"replies":[{"embeddable":true,"href":"https:\/\/www.pcnen.com\/portal\/wp-json\/wp\/v2\/comments?post=355116"}],"version-history":[{"count":1,"href":"https:\/\/www.pcnen.com\/portal\/wp-json\/wp\/v2\/posts\/355116\/revisions"}],"predecessor-version":[{"id":355117,"href":"https:\/\/www.pcnen.com\/portal\/wp-json\/wp\/v2\/posts\/355116\/revisions\/355117"}],"wp:featuredmedia":[{"embeddable":true,"href":"https:\/\/www.pcnen.com\/portal\/wp-json\/wp\/v2\/media\/314322"}],"wp:attachment":[{"href":"https:\/\/www.pcnen.com\/portal\/wp-json\/wp\/v2\/media?parent=355116"}],"wp:term":[{"taxonomy":"category","embeddable":true,"href":"https:\/\/www.pcnen.com\/portal\/wp-json\/wp\/v2\/categories?post=355116"},{"taxonomy":"post_tag","embeddable":true,"href":"https:\/\/www.pcnen.com\/portal\/wp-json\/wp\/v2\/tags?post=355116"}],"curies":[{"name":"wp","href":"https:\/\/api.w.org\/{rel}","templated":true}]}}