{"id":355084,"date":"2022-09-13T17:26:25","date_gmt":"2022-09-13T15:26:25","guid":{"rendered":"https:\/\/www.pcnen.com\/portal\/?p=355084"},"modified":"2022-09-13T17:26:25","modified_gmt":"2022-09-13T15:26:25","slug":"stotine-uhapsenih-u-neredima-u-parizu","status":"publish","type":"post","link":"https:\/\/www.pcnen.com\/portal\/2022\/09\/13\/stotine-uhapsenih-u-neredima-u-parizu\/","title":{"rendered":"Stotine uhap\u0161enih u neredima u Parizu"},"content":{"rendered":"<p>Stotine ljudi u \u017eutim jaknama, neki s maskama, izazvali su haos nakon \u0161to su se u subotu spustili na Trg republike i blizu Jelisejskih polja, izvijestio je &#8220;The Evening Standard&#8221;.<\/p>\n<p>Demonstranti su iza\u0161li na ulice kako bi protestovali protiv reformi predsjednika Emanuela Makrona i rasta cijena usred sve ve\u0107e inflacije.<\/p>\n<p>Interventna policija je uletjela i razbila proteste. Ve\u0107ina privedenih je ka\u017enjena zbog \u201cokupljanja s namjerom \u010dinjenja nasilja ili o\u0161te\u0107enja imovine\u201d.<\/p>\n<p>Aktivisti su odgovorili na pozive na dru\u0161tvenim mre\u017eama pozivaju\u0107i ljude da &#8220;okupiraju ulice Pariza&#8221; i stvore &#8220;crni septembar&#8221; kako bi se &#8220;pobunili protiv izdajnika koji nam vladaju&#8221;. Sli\u010dni protesti izbili su u Tuluzu, Lionu i drugim gradovima Francuske.<\/p>\n","protected":false},"excerpt":{"rendered":"<p>\u00a0Vi\u0161e od 100 aktivista \u017dutih prsluka uhap\u0161eno je u Parizu nakon protesta zbog krize tro\u0161kova \u017eivota.<\/p>\n","protected":false},"author":1,"featured_media":0,"comment_status":"open","ping_status":"closed","sticky":false,"template":"","format":"standard","meta":{"_seopress_robots_primary_cat":"","_seopress_titles_title":"","_seopress_titles_desc":"","_seopress_robots_index":"","_et_pb_use_builder":"","_et_pb_old_content":"","_et_gb_content_width":"","inline_featured_image":false,"footnotes":""},"categories":[14],"tags":[],"class_list":["post-355084","post","type-post","status-publish","format-standard","hentry","category-vijesti"],"_links":{"self":[{"href":"https:\/\/www.pcnen.com\/portal\/wp-json\/wp\/v2\/posts\/355084","targetHints":{"allow":["GET"]}}],"collection":[{"href":"https:\/\/www.pcnen.com\/portal\/wp-json\/wp\/v2\/posts"}],"about":[{"href":"https:\/\/www.pcnen.com\/portal\/wp-json\/wp\/v2\/types\/post"}],"author":[{"embeddable":true,"href":"https:\/\/www.pcnen.com\/portal\/wp-json\/wp\/v2\/users\/1"}],"replies":[{"embeddable":true,"href":"https:\/\/www.pcnen.com\/portal\/wp-json\/wp\/v2\/comments?post=355084"}],"version-history":[{"count":1,"href":"https:\/\/www.pcnen.com\/portal\/wp-json\/wp\/v2\/posts\/355084\/revisions"}],"predecessor-version":[{"id":355086,"href":"https:\/\/www.pcnen.com\/portal\/wp-json\/wp\/v2\/posts\/355084\/revisions\/355086"}],"wp:attachment":[{"href":"https:\/\/www.pcnen.com\/portal\/wp-json\/wp\/v2\/media?parent=355084"}],"wp:term":[{"taxonomy":"category","embeddable":true,"href":"https:\/\/www.pcnen.com\/portal\/wp-json\/wp\/v2\/categories?post=355084"},{"taxonomy":"post_tag","embeddable":true,"href":"https:\/\/www.pcnen.com\/portal\/wp-json\/wp\/v2\/tags?post=355084"}],"curies":[{"name":"wp","href":"https:\/\/api.w.org\/{rel}","templated":true}]}}