{"id":355080,"date":"2022-09-13T17:07:31","date_gmt":"2022-09-13T15:07:31","guid":{"rendered":"https:\/\/www.pcnen.com\/portal\/?p=355080"},"modified":"2022-09-13T17:21:40","modified_gmt":"2022-09-13T15:21:40","slug":"abazovic-ako-ne-budem-mandatar-volio-bih-da-to-bude-vanja-calovic-video","status":"publish","type":"post","link":"https:\/\/www.pcnen.com\/portal\/2022\/09\/13\/abazovic-ako-ne-budem-mandatar-volio-bih-da-to-bude-vanja-calovic-video\/","title":{"rendered":"Abazovi\u0107: Ako ne budem mandatar volio bih da to bude Vanja \u0106alovi\u0107 (video)"},"content":{"rendered":"<p>On je, odgovaraju\u0107i na pitanja novinara, rekao da bi na poziciji mandatara volio da vidi direktoricu MANS-a Vanju \u0106alovi\u0107 Markovi\u0107.<\/p>\n<p>\u201eMoramo da vidimo kompletnu strukturu vlade. Oni su sru\u0161ili Vladu bez plana, to jest imaju plan i ne znaju kako da ga realizuju\u201c, naveo je Abazovi\u0107.<\/p>\n<p>Prema njegovim rije\u010dima, predstavnici GP URA koji u\u010destvuju u pregovorima imaju sva ovla\u0161\u0107enja.<\/p>\n<p>\u201eNe mo\u017eemo iza\u0107i iz krize ako neko ima dogovor sa Demokratskom partijom socijalista (DPS), ako neko ima neke preuzete obaveze\u201c, kazao je Abazovi\u0107.<\/p>\n<p>Kako je naveo, cilj ru\u0161enja Vlade je da se stvori ve\u0107ina od najmanje 49, koja treba da poslu\u017ei za izbor vrhovnog dr\u017eavnog tu\u017eioca.<\/p>\n<p>\u201eDa bude smijenjena (Maja) Jovanovi\u0107, i da osoba koja do\u0111e na njeno mjesto smijeni specijalnog dr\u017eavnog tu\u017eioca\u201c, dodao je Abazovi\u0107.<\/p>\n<p>Upitan da li \u0107e biti postignut dogovor stare parlamentarne ve\u0107ine, Abazovi\u0107 je rekao da je u ovom trenutku mehanizam u rukama predsjednika dr\u017eave Mila \u0110ukanovi\u0107a.<\/p>\n<p>\u201e\u010cak iako se postigne neki dogovor, on (\u0110ukanovi\u0107) ustavno mo\u017ee da da mandat nekome drugome. Mo\u017eda nekome iz DPS-a, predstavnicima manjinskih naroda, nezvisnom kandidatu. O tome se moralo razmi\u0161ljati ranije\u201c, kazao je Abazovi\u0107.<\/p>\n<p>On je naveo da o tome ko \u0107e ponijeti odgovornost za eventualni neuspjeh u dogovoru, treba gra\u0111ani da procjenjuju.<\/p>\n<p>\u201eKo je odgovoran, to je jednostavno otkriti. Tih 50 koji su sru\u0161ili Vladu, oni su odgovorni, jer je trebalo prvo da osmislile koncept nove vlade. To bi bilo odgovorno\u201c, smatra Abazovi\u0107.<\/p>\n<p>On je rekao da ako \u0110ukanovi\u0107 ne da mandat nikome, ide se u izbore.<\/p>\n<p>\u201eKomplikuje situaciju \u0161to nemamo jednog sudiju Ustavnog suda. Apelujem na poslanike da izaberu Sudski savjet i Ustavni sud\u201c, kazao je Abazovi\u0107, prenosi RTCG.<\/p>\n<p>Abazovi\u0107 je rekao da je <a href=\"https:\/\/www.pcnen.com\/portal\/2022\/09\/13\/abazovic-dao-izjavu-odt-povodom-krivicne-prijave-raska-konjevica\/\">danas u Osnovnom dr\u017eavnom tu\u017eila\u0161tvu davao izjavu povodom navoda sa<\/a> sjednice Vlade od 6. jula na kojoj je, obra\u0107aju\u0107i se ministru odbrane Ra\u0161ku Konjevi\u0107a, rekao \u201eda nije vama do Temeljnog ugovora nego pravde, vi se ne pla\u0161ite Temeljnog ugovora, pla\u0161ite se Europola\u201c.<\/p>\n<p>Abazovi\u0107 je kazao da je u prijavi navedeno da on zna za kivi\u010dna djela koja nije prijavio.<\/p>\n<p>\u201eJa imam sumnju u mnoga krivi\u010dna djela, ra\u010dunaju\u0107i i \u017deljezaru, ali nisam ovla\u0161\u0107eno lice da pravim istragu. Stojim pri tome da ljudi koji su ru\u0161ili Vladu nijesu je ru\u0161ili zbog Temeljnog ugovora nego jer se pla\u0161e pravde\u201c, dodao je Abazovi\u0107.<\/p>\n<p>On je kazao da su poslanik DPS-a Predrag Bo\u0161kovi\u0107 i Konjevi\u0107 \u201epoliti\u010dki za\u0161titinici \u0161verca cigareta\u201c.<\/p>\n<p>\u201eKonjevi\u0107 i Bo\u0161kovi\u0107 konstantno pru\u017eaju politi\u010dku za\u0161titu takvoj politici. Napadaju sektor bezbjednosti, svaki dan su to radili, Konjevi\u0107 vi\u0161e kad nije bio ministar, sad manje. Ne \u017eele da se institucije izdignu i da po\u010dne da funcioni\u0161e ruka pravde\u201c, rekao je Abazovi\u0107.<\/p>\n<p>On je upitao za\u0161to se Konjevi\u0107 nije ogla\u0161avao povodom hap\u0161enje biv\u0161e direktorice Planta\u017ea Verice Mara\u0161 i biv\u0161e predsjednice Vrhovnog suda Vesne Medenice.<\/p>\n<p>Abazovi\u0107 je rekao da se u vezu sa Bo\u0161kovi\u0107em mogu dovesti i neki drugi slu\u010dajevi, podsje\u0107aju\u0107i da je bio dugo godina na \u010delu komisije za dodjelu stanova.<\/p>\n<p>On je kazao da \u0107e se vidjeti ho\u0107e li Dr\u017eavno tu\u017eila\u0161tvo pozvati i \u0110ukanovi\u0107a povodom slu\u010daja oko njegovog prvog miliona ili za neke druge stvari.<\/p>\n<p>Komentari\u0161u\u0107i hap\u0161enje biv\u0161e direktorice Puteva Violete Klikovac, Abazovi\u0107 je naveo da je to odli\u010dan po\u010detak kampanje koalicije okupljenje oko DPS-a \u201eSvi za na\u0161 grad\u201c.<\/p>\n<p>\u201eDanas je po\u010dela da se osipa lista, svi za na\u0161 Spu\u017e, svi za na\u0161 kriminal\u201c, kazao je Abazovi\u0107.<\/p>\n<p>On je rekao &#8220;da misli da Podgori\u010dani ne\u0107e ekstremistu za gradona\u010delnika&#8221;.<\/p>\n<p>\u201eMislim da nam je potreban gradona\u010delnik, Europejac, evropsko lice, jedan drugi pristup u vo\u0111enju Glavnog grada. Glavni grad ima ve\u0107u refleskiju od lokalne zajednice\u201c, kazao je Abazovi\u0107.<\/p>\n<p>On je, komentari\u0161u\u0107i izjavu ameri\u010dke ambasadorke D\u017eudi Rajzing Rajnke da politi\u010dari ne bi trebalo da kritikuju medije sa \u010dijim izvje\u0161tavanjem se ne sla\u017eu, naveo da ne napada medije niti medijske poslenike.<\/p>\n<p>\u201eNapadam ljude koji napadaju mene, odgovaram da bi ljudi \u010duli drugu stranu, osu\u0111ujem sve napade na sve medije. Treba da podijelimo odgovornost oko ambijenta netrpeljivosti\u201c, zaklju\u010dio je Abazovi\u0107.<\/p>\n<p>&nbsp;<\/p>\n<p><iframe loading=\"lazy\" style=\"border: none; overflow: hidden;\" src=\"https:\/\/www.facebook.com\/plugins\/video.php?height=476&amp;href=https%3A%2F%2Fwww.facebook.com%2Fabazovicdritan%2Fvideos%2F469523691734832%2F&amp;show_text=false&amp;width=267&amp;t=0\" width=\"267\" height=\"476\" frameborder=\"0\" scrolling=\"no\" allowfullscreen=\"allowfullscreen\"><\/iframe><\/p>\n<p>&nbsp;<\/p>\n","protected":false},"excerpt":{"rendered":"<p>Predsjednik Vlade u tehni\u010dkom mandatu Dritan Abazovi\u0107 kazao je da je spreman sada da se povu\u010de ako se na\u0111e premijer koji \u0107e na isti na\u010din da odgovori borbi protiv organizovanog kriminala i korupcije.<\/p>\n","protected":false},"author":1,"featured_media":343518,"comment_status":"open","ping_status":"closed","sticky":false,"template":"","format":"standard","meta":{"_seopress_robots_primary_cat":"","_seopress_titles_title":"","_seopress_titles_desc":"","_seopress_robots_index":"","_et_pb_use_builder":"","_et_pb_old_content":"","_et_gb_content_width":"","inline_featured_image":false,"footnotes":""},"categories":[14],"tags":[],"class_list":["post-355080","post","type-post","status-publish","format-standard","has-post-thumbnail","hentry","category-vijesti"],"_links":{"self":[{"href":"https:\/\/www.pcnen.com\/portal\/wp-json\/wp\/v2\/posts\/355080","targetHints":{"allow":["GET"]}}],"collection":[{"href":"https:\/\/www.pcnen.com\/portal\/wp-json\/wp\/v2\/posts"}],"about":[{"href":"https:\/\/www.pcnen.com\/portal\/wp-json\/wp\/v2\/types\/post"}],"author":[{"embeddable":true,"href":"https:\/\/www.pcnen.com\/portal\/wp-json\/wp\/v2\/users\/1"}],"replies":[{"embeddable":true,"href":"https:\/\/www.pcnen.com\/portal\/wp-json\/wp\/v2\/comments?post=355080"}],"version-history":[{"count":3,"href":"https:\/\/www.pcnen.com\/portal\/wp-json\/wp\/v2\/posts\/355080\/revisions"}],"predecessor-version":[{"id":355083,"href":"https:\/\/www.pcnen.com\/portal\/wp-json\/wp\/v2\/posts\/355080\/revisions\/355083"}],"wp:featuredmedia":[{"embeddable":true,"href":"https:\/\/www.pcnen.com\/portal\/wp-json\/wp\/v2\/media\/343518"}],"wp:attachment":[{"href":"https:\/\/www.pcnen.com\/portal\/wp-json\/wp\/v2\/media?parent=355080"}],"wp:term":[{"taxonomy":"category","embeddable":true,"href":"https:\/\/www.pcnen.com\/portal\/wp-json\/wp\/v2\/categories?post=355080"},{"taxonomy":"post_tag","embeddable":true,"href":"https:\/\/www.pcnen.com\/portal\/wp-json\/wp\/v2\/tags?post=355080"}],"curies":[{"name":"wp","href":"https:\/\/api.w.org\/{rel}","templated":true}]}}