{"id":355071,"date":"2022-09-13T13:03:22","date_gmt":"2022-09-13T11:03:22","guid":{"rendered":"https:\/\/www.pcnen.com\/portal\/?p=355071"},"modified":"2022-09-13T13:03:22","modified_gmt":"2022-09-13T11:03:22","slug":"abazovic-dao-izjavu-odt-povodom-krivicne-prijave-raska-konjevica","status":"publish","type":"post","link":"https:\/\/www.pcnen.com\/portal\/2022\/09\/13\/abazovic-dao-izjavu-odt-povodom-krivicne-prijave-raska-konjevica\/","title":{"rendered":"Abazovi\u0107 dao izjavu ODT povodom krivi\u010dne prijave Ra\u0161ka Konjevi\u0107a"},"content":{"rendered":"<p>Konjevi\u0107 je podnio krivi\u010dnu prijavu protiv Abazovi\u0107a u kojoj tvrdi da je premijer 6. jula iznio niz te\u0161kih optu\u017ebi na njegov ra\u010dun optu\u017euju\u0107i ga za te\u0161ka krivi\u010dna djela do toga da je anga\u017eovan za destabilizaciju dr\u017eave. Konjevi\u0107 se nekoliko puta zvani\u010dnim dopisima obratio vr\u0161iteljki du\u017enosti vrhovne dr\u017eavne tu\u017eiteljke Maji Jovanovi\u0107 zahtijevaju\u0107i od nje hitnu istragu.<\/p>\n<p>Konjevi\u0107 je u prijavi podsjetio Jovanovi\u0107 da je Abazovi\u0107 6. jula saop\u0161tio da ministar odbrane \u201epri\u017eeljkuje sukobe sopstvenih gra\u0111ana\u201c, dok je na sjednici Skup\u0161tine 19. avgusta ustvrdio da je Konjevi\u0107 anga\u017eovan za \u201edestabilizaciju dr\u017eave\u201c.<\/p>\n<p>\u201cKao neko ko se bavi javnim poslom i ko nema \u0161ta da krije od javnosti i od bilo koga, a suo\u010den sa vrlo te\u0161kim optu\u017ebama od strane premijera Abazovi\u0107a, koje su neta\u010dne, smatram da je neophodno utvr\u0111ivanje pune istine pred nadle\u017enim organima. Zato Vas jo\u0161 jednom molim da sve \u0161to je premijer saop\u0161tio u najkra\u0107em roku provjerite\u201d, \u00a0zatra\u017eio je Konjevi\u0107, prenosi Dan.<\/p>\n<p>Podsjetimo Abazovi\u0107 je u Tivtu odgovaraju\u0107i na pitanja novinara govorio o Temeljnom ugovoru i ministrima koji se protive njegovom potpisivanju.<\/p>\n<p>\u201cNije njima do Temeljnog ugovora, njima je do Europola. Saop\u0161ti\u0107u sve \u0161to bude trebalo ako budem u prilci. Njih ne zanima Temeljni ugovor, da ih zanima ne bi CPC tretirali kao NVO. Ja od kad sam do\u0161ao na vlast tretiram ih kao vjersku zajednicu. Na\u0161 glavni cilj je da idemo ka EU i da stvaramo ekonomiju i uslove za bolji standard gra\u0111ana. Mi nismo izazvali ovu krizu, ona ne\u0107e zaobi\u0107i i Crnu Goru\u201d, \u00a0navodi Abazovi\u0107 odgovaraju\u0107i na pitanja novinara u Tivtu.<\/p>\n<p>On je kazao da je Temeljni ugovor pitanje ministarstva pravde, a da je NATO pitanje ministarstva odbrane.<\/p>\n<p>\u201cOni nisu za potpisivanje Temeljnog ugovora, ve\u0107 da ova stvar ostane rak rana ovog dru\u0161tva. Ako je njihovo razmi\u0161ljanje dominantno nek se to preslika na Vladi. Ako se ne preslika, onda nek vide \u0161ta i kako je\u201d, \u00a0rekao je predsjednik Vlade.<\/p>\n<p>Poru\u010dlo je da nisu nikoga silili da podr\u017ei Vladu, a naveo je da je izjava predsjednika Mila \u0110ukanovi\u0107a bila odgovornija nego ministra vanjskih Ra\u0161ka Konjevi\u0107a i ministra odbrane Ranka Krivojkapi\u0107a.<\/p>\n","protected":false},"excerpt":{"rendered":"<p>Premijer Dritan Abazovi\u0107 je danas u Osnovnom dr\u017eavnom tu\u017eila\u0161tvu dao izjavu povodom krivi\u010dne prijave za neprijavljivanje krivi\u010dnog djela koju je protiv njega podnio potpredsjednik Vlade i predsjednik Socijaldemokratske partije Ra\u0161ko Konjevi\u0107.<\/p>\n","protected":false},"author":1,"featured_media":355072,"comment_status":"open","ping_status":"closed","sticky":false,"template":"","format":"standard","meta":{"_seopress_robots_primary_cat":"","_seopress_titles_title":"","_seopress_titles_desc":"","_seopress_robots_index":"","_et_pb_use_builder":"","_et_pb_old_content":"","_et_gb_content_width":"","inline_featured_image":false,"footnotes":""},"categories":[14],"tags":[],"class_list":["post-355071","post","type-post","status-publish","format-standard","has-post-thumbnail","hentry","category-vijesti"],"_links":{"self":[{"href":"https:\/\/www.pcnen.com\/portal\/wp-json\/wp\/v2\/posts\/355071","targetHints":{"allow":["GET"]}}],"collection":[{"href":"https:\/\/www.pcnen.com\/portal\/wp-json\/wp\/v2\/posts"}],"about":[{"href":"https:\/\/www.pcnen.com\/portal\/wp-json\/wp\/v2\/types\/post"}],"author":[{"embeddable":true,"href":"https:\/\/www.pcnen.com\/portal\/wp-json\/wp\/v2\/users\/1"}],"replies":[{"embeddable":true,"href":"https:\/\/www.pcnen.com\/portal\/wp-json\/wp\/v2\/comments?post=355071"}],"version-history":[{"count":1,"href":"https:\/\/www.pcnen.com\/portal\/wp-json\/wp\/v2\/posts\/355071\/revisions"}],"predecessor-version":[{"id":355073,"href":"https:\/\/www.pcnen.com\/portal\/wp-json\/wp\/v2\/posts\/355071\/revisions\/355073"}],"wp:featuredmedia":[{"embeddable":true,"href":"https:\/\/www.pcnen.com\/portal\/wp-json\/wp\/v2\/media\/355072"}],"wp:attachment":[{"href":"https:\/\/www.pcnen.com\/portal\/wp-json\/wp\/v2\/media?parent=355071"}],"wp:term":[{"taxonomy":"category","embeddable":true,"href":"https:\/\/www.pcnen.com\/portal\/wp-json\/wp\/v2\/categories?post=355071"},{"taxonomy":"post_tag","embeddable":true,"href":"https:\/\/www.pcnen.com\/portal\/wp-json\/wp\/v2\/tags?post=355071"}],"curies":[{"name":"wp","href":"https:\/\/api.w.org\/{rel}","templated":true}]}}