{"id":355063,"date":"2022-09-13T12:17:57","date_gmt":"2022-09-13T10:17:57","guid":{"rendered":"https:\/\/www.pcnen.com\/portal\/?p=355063"},"modified":"2022-09-13T12:27:09","modified_gmt":"2022-09-13T10:27:09","slug":"intervju-za-monitor","status":"publish","type":"post","link":"https:\/\/www.pcnen.com\/portal\/2022\/09\/13\/intervju-za-monitor\/","title":{"rendered":"Intervju za Monitor"},"content":{"rendered":"<p>Napominjem da sam odgovore na postavljena pitanja dao prije pet dana, u trenutku kada je &#8220;stara, pobjedni\u010dka ve\u0107ina&#8221; tvrdila da je skoro sve oko poptisanog Sporazuma usagla\u0161eno i gotovo, da je izbor nove Vlade sa tom ve\u0107inom prakti\u010dno izvjestan.<\/p>\n<p><strong>MONITOR: <em>Avgustovski pobjednici krajem pro<\/em><\/strong><strong><em>\u0161le sedmice potpisali su sporazum. Pregovori o resetovanju odnosa i dalje traju. \u0160ta \u0107e od svega ispasti?<\/em><\/strong><\/p>\n<p><strong>\u0160ARKI\u0106:<\/strong> Potpisani sporazum, uprkos optimisti\u010dkim izjavama i uvjeravanjima da je on prakti\u010dno spreman za primjenu i da treba samo usaglasiti sitnice da bi se finalizovao, smatram neiskrenim, fingiranim, kao podlogu budu\u0107ih sva\u0111a i me\u0111usobnih optu\u017eivanja za njegovu propast. Nadam se da grije\u0161im, ali pobjedni\u010dka ve\u0107ina sa posljednjih izbora se za ove dvije godine pokazala kao neozbiljna, nezrela, sujetna, amaterska dru\u017eina kojoj je partijski interes i rejting u susret narednim izborima na prvom mjestu, umjesto interesa gra\u0111ana kojeg su preimenovali u narod. Ovo mi\u0161ljenje imam i na osnovu li\u010dnog iskustva sa njima u toku pregovora koje sam vodio za vrijeme trajanja protesta <em>Odupri se,<\/em> te tada potpisanog sporazuma koji su ladno prekr\u0161ili, bez obzira \u0161to se svi oni kunu u \u010dast, po\u0161tenje, potpis pogotovu \u201ekoji nikada nijesu i ne\u0107e prekr\u0161iti\u201c, u \u010demu prednja\u010de Demokrate, a inicijator sporazuma DF je tek pri\u010da za sebe.<\/p>\n<p><strong>MONITOR: <em>\u010cini li Vam se realnom da \u0107e avgustovska ve\u0107ina posti\u0107i dogovor i formirati novu Vladu<\/em>?<\/strong><\/p>\n<p><strong>\u0160ARKI\u0106:<\/strong> Sumnjam da je tako ne\u0161to mogu\u0107e, ali i ako bih se prevario u procjeni, siguran sam da bi ta Vlada bila jo\u0161 nestabilnija i gora po u\u010dincima \u010dak i od prethodne dvije. Tu se ne bi znalo \u201eko pije a ko pla\u0107a\u201c. U stvari, znalo bi se ko pla\u0107a. Kao uvijek, pla\u0107aju gra\u0111ani, siti ovakvih politi\u010dkih elita i u vlasti i u opoziciji, mada se vi\u0161e ni to ne\u00a0 zna \u2013 ko je kod nas vlast, a ko opozicija!?<\/p>\n<p><strong>MONITOR: <em>Predsjednik dr\u017eave Milo \u0110ukanovi\u0107 saop\u0161tio je da taj sporazum vidi kao potez davljenika, i kazao da je Crna Gora bli\u017ee izborima nego formiranju tre\u0107e Vlade. Kako komentari\u0161ete predsjednikovu izjavu?<\/em><\/strong><\/p>\n<p><strong>\u0160ARKI\u0106:<\/strong> Davljenici su ve\u0107 trideset godina gra\u0111ani Crne Gore kojih je sve manje, a \u0110ukanovi\u0107 zajedno sa svim svojim partijama koje kontroli\u0161e, kao i pobjednici prethodnih izbora, bore se da odr\u017ee svoje rejtinge, polo\u017eaje, privilegije, uticaj, mo\u0107 i novac &#8211; svako na svoj na\u010din. Glavna razlika me\u0111u njima je, \u010dini mi se, \u0161to je \u0110ukanovi\u0107 sa okru\u017eenjem mu, za ovih trideset godina prigrabio daleko najve\u0107i dio tog klola\u010da, dok su njegovi konkurenti sanjali da postanu isto \u0161to i on. Prava su mu konkurencija po tom pitanju. Uz to, sad im se taj san \u010dini ostvarliv, na dohvat ruke, pa u tom bunilu pokazuju svoje pravo lice gra\u0111anima, to jest \u201enarodu\u201c. Primjer za to su partijska nemje\u0161tenja i zapo\u0161ljavanja, o\u010diglednija, raspostranjenija i nestru\u010dnija nego u vrijeme vladavine DPS-a, te vanredne, astronomske naknade koje su pojedini namje\u0161tenici primali, pravdaju\u0107i ih isto kao DPS \u2013 da je sve po zakonu. Moral je odavno prevazi\u0111ena kategorija kod nas, zato je uvedena zakonska, bezobzirna plja\u010dka. Podsjeti\u0107u, i podjela funkcionerskih, n-tog broja stanova i prakti\u010dno bezpovratnih kredita za vrijeme vladavine DPS-a bila je po zakonu, ali da li je bila opravdana, moralna u cilju javnog interesa?<\/p>\n<p><strong>MONITOR: <em>\u0160ta je najbolji izlaz iz najnovije\u00a0 politi\u010dke krize?<\/em><\/strong><\/p>\n<p><strong>\u0160ARKI\u0106:<\/strong> \u0160iroka, koncentraciona Vlada podr\u017eana od ogromne ve\u0107ina u Skup\u0161tini &#8211; i DPS-a, Vlada koja bi funkcionisala do izbora koji bi se trebali odr\u017eati \u0161to prije, najkasnije u rano prolje\u0107e 2023. godine. Ta skup\u0161tinska ve\u0107ina bi \u010dinila koncetracionu Vladu sa obavezom izglasavanja \u010dlanova\u00a0 Ustavnog suda i ostalih zakona neophodnih za koliko-toliko regularne izbore. Vjerovatno tako ne\u0107e biti, vjerovatno \u0107u zbog ovakvog mi\u0161ljenja biti okvalifikovan \u201eizdajnikom narodne volje\u201c, ali ja ne vidim drugog na\u010dina za izlazak iz o\u010digledne krize i pravnog vakuma sa ovakvom(im) ve\u0107inom(ama). U stvari, vidim &#8211; da se sve uradi po diktatu i rje\u0161enjima me\u0111unarodne zajednice \u2013 koja \u0107e vjerovatno uslijediti, \u0161to mene kao gra\u0111anina vrije\u0111a, ali kada imamo ovakve politi\u010dke \u201eelite\u201c, to grubo mije\u0161anje u unutra\u0161nje stvari na\u0161e zemlje \u010desto postaje neophodno, opravdano, sa \u00a0povodom.<\/p>\n<p><strong>MONITOR: <em>Ima li dovoljno politi\u010dke odgovornosti i zrelosti da se kriza prevazi\u0111e na najbolji na\u010din?<\/em><\/strong><\/p>\n<p><strong>\u0160ARKI\u0106:<\/strong> Nema, odavno. Ali tu o\u010diglednost gra\u0111ani nikako ne znaju artikulisati na izborima.<\/p>\n<p><strong>MONITOR: <em>Kako vidite ove dvije godine od avgustovskih izbora i pada DPS-a?<\/em><\/strong><\/p>\n<p><strong>\u0160ARKI\u0106:<\/strong> Kao potro\u0161enu, ali \u0161to je najgore i ubijenu nadu. Istina je da smo svi previ\u0161e o\u010dekivali od nove vlasti, koja, sve da je bila sastavljena od dokazanih i stru\u010dnih ljudi, istinski posve\u0107enih dobru gra\u0111ana &#8211; ne bi joj bilo lako. Me\u0111utim, prva Vlada, na \u010dijem \u010delu je bio Krivokapi\u0107, je bila uglavnom crkvena vlada, sastavljena mahom od amatera i kleronacionalista &#8211; sa istim takvim premijerom. Crkva je poslije \u201epromjena\u201c postala \u2013 i ostala glavni politi\u010dki faktor, gra\u0111ani su postali \u201evjerni narod, bra\u0107a i sestre\u201c, decenijama podsticane podjele su jo\u0161 vi\u0161e produbljene \u2013 kulminirale su, a sahrane, opela i Temeljni ugovor su bili glavna zna\u010dajka te, ionako nestabilne Vlade, bez iskrene podr\u0161ke u toj tijesnoj ve\u0107ini, DF-a prije svih.<\/p>\n<p>Ministarka \u010detiri resora Vesna Brati\u0107, njeni javni nastupi, rad i namje\u0161tenja koja je sprovela \u2013 a koja redom padaju na sudu \u2013 \u0161to \u0107emo mi gra\u0111ani pla\u0107ati, ogledalo su te Vlade.<\/p>\n<p>Manjinska Vlada Dritana Abazovi\u0107a, formirana uz podr\u0161ku nereformisanog DPS-a, od samog po\u010detka bila je osu\u0111ena na brz pad. Uz to, Abazovi\u0107u je prioritet bio potpisivanje kontroverznog Temeljnog ugovora sa Crkvom, a ne ono zbog \u010dega je URA dobila glasove na izborima. Umi\u0161ljen o svojoj veli\u010dini, dodjeljuju\u0107i sebi ulogu mesije koji je popio svu politi\u010dku pamet ne samo Crne Gore nego i Balkana, okru\u017een neformalnim dru\u0161tvom kao savjetnicima, ignori\u0161u\u0107i glas javnosti \u2013 prije svega one stru\u010dne (ne \u201epatriotske\u201c, ve\u0107 stru\u010dne) nije se osvrtao na dobronamjerne sugestiji i kritike. Tako je, \u010dini mi se, zahvaljuju\u0107i tom osje\u0107aju da mu niko nije ravan, potro\u0161io svoju obe\u0107avaju\u0107u politi\u010dku karijeru, ali i nadu za onaj dio Crne Gore koji je odavno sit politike kakva se kod nas vodi decenijama od strane \u201etradicionalnih partija\u201c.<\/p>\n<p>Kada bih u jednoj re\u010denici morao da opi\u0161em \u201epromjenu\u201c nastalu 30. avgusta, napisao bih da je tog datuma umjesto <em>kava\u010dkog klana<\/em> vlast preuzeo <em>\u0161kaljarski klan<\/em>.<\/p>\n<p><strong>MONITOR: \u00a0<em>Premijer Abazovi\u0107 \u010desto napominje da se uradilo mnogo. Je li u pravu?<\/em> <\/strong><\/p>\n<p><strong>\u0160ARKI\u0106:<\/strong> I Zdravko Krivokapi\u0107 svako malo izjavljuje kako je njegova Vlada postigla najvi\u0161e u istoriji Crne Gore. I sve prethodne DPS vlade su postizale \u201eistorijske, do tada nevi\u0111ene uspjehe\u201c. Evo, vidimo sami \u0111e smo, poslije svih tih \u201euspjeha\u201c svih njih, pa i Abazavi\u0107eve Vlade.<\/p>\n<p><strong>MONITOR: <em>Kako vidite poziciju DPS-a danas?<\/em><\/strong><\/p>\n<p><strong>\u0160ARKI\u0106:<\/strong> DPS je imao veliku \u0161ansu da se poslije poraza reformi\u0161e, oslobodi najkorumpiranijih i u javnosti najomrznutijih partijsko-dr\u017eavnih funkcionera. Da je to uradio, osim \u0161to bi dobio koalicioni kapacitet, postao bi prihvatljiv i djelu glasa\u010da biv\u0161e opozicije \u2013 mo\u017eda i meni samom, kada smo na djelu vidjeli kakva je alternativa. Umjesto toga, u DPS-u i dalje kolo vode ljudi koji su poharali Crnu Goru \u2013 na \u010delu sa \u0110ukanovi\u0107em, apana\u017ene turbopatriote, apana\u017eni analiti\u010dari i novinari, uz podr\u0161ku istih takvih, opskurnih\u00a0 medija. Reformisani i o\u010di\u0161\u0107eni DPS je mogao biti lijek kako za tu partiju, tako za Crnu Goru, ali o\u010dito da je sprega njegovih najuticajnijih djelova sa organizovanim kriminalom i ,,kontroverznim biznismenima\u201d bila ja\u010da od volje i snage da se u te reforme u\u0111e i iz partije elimini\u0161u najkontroverzniji funkcioneri &#8211; da ne upotrebljavam neki drugi, adekvatniji izraz.<\/p>\n<p><strong>MONITOR: <em>Dru\u0161tvo je sve vi\u0161e podijeljeno i sve dalje od evropskog puta. Ko je za to odgovoran?<\/em><\/strong><\/p>\n<p><strong>\u0160ARKI\u0106:<\/strong> Za to su odgovorni svi. Na prvom mjestu politi\u010dari i pomenute \u00a0politi\u010dke ,,elite\u201d, zatim SPC sa njenim stavovima i ogromnim uticajem, a koji nerijetko izazivaju ogor\u010denje kod onih koji je slijepo i bez pogovora ne slijede. Svoj dio odgovornosti imaju mediji i novinari koji permanetno podsti\u010du podjele, posebno ospkurni portali koji ni\u010du kao pe\u010durke poslije ki\u0161e. Ne malu odgovornost snose i pravosudne institucije koje po zakonu ne sankcioni\u0161u svakodnevni govor mr\u017enje koji dolazi sa svih navedenih adresa, a koji se uspje\u0161no ,,prima\u201d u ,,narodu\u201d.<\/p>\n<p>Evropski put u koji se svi kao kunu, odavno je blokiran. Na\u0161 jedini evropski put postaje evropsko posredovanje u rje\u0161avanju na\u0161ih problema, koje nesposobne politi\u010dke elite nijesu u stanju da rije\u0161e &#8211; \u00a0ali jesu da ih naprave.<\/p>\n<p><strong>MONITOR: \u0110ukanovi\u0107 je kazao da ga nije iznenadio sporazum pobjednika parlamentarnih izbora iz 2020. godine, rekav\u0161i da se radi o ,,mete\u017eu u kojem logikom davljenika poku\u0161avaju da spasu \u0161to se spasiti mo\u017ee\u201d. Smatra, ipak, da je Crna Gora bli\u017ee novim izborima nego formiranju ,,tre\u0107e vlade&#8221;. <\/strong><\/p>\n<p><strong>\u0160ARKI\u0106:<\/strong> Davljenik najbolje shvata davljenike, zato je mo\u017eda u pravu. Ponekad sti\u010dem utisak da \u0110ukanovi\u0107evi, javno, najve\u0107i protivnici u stvari rade za njega i njegov interes, to jest da skoro sve partije, on i interesna grupa oko njega na neki na\u010din dr\u017ee pod kontrolom.<\/p>\n<p>Milena PEROVI\u0106<\/p>\n<p>&nbsp;<\/p>\n","protected":false},"excerpt":{"rendered":"<p>Uz saglasnost i odobrenje redakcije Monitora prenosim intervju koji sam dao za poslednji broj.<\/p>\n","protected":false},"author":12,"featured_media":286086,"comment_status":"open","ping_status":"closed","sticky":false,"template":"","format":"standard","meta":{"_seopress_robots_primary_cat":"","_seopress_titles_title":"","_seopress_titles_desc":"","_seopress_robots_index":"","_et_pb_use_builder":"","_et_pb_old_content":"","_et_gb_content_width":"","inline_featured_image":false,"footnotes":""},"categories":[17],"tags":[],"class_list":["post-355063","post","type-post","status-publish","format-standard","has-post-thumbnail","hentry","category-blogovi"],"_links":{"self":[{"href":"https:\/\/www.pcnen.com\/portal\/wp-json\/wp\/v2\/posts\/355063","targetHints":{"allow":["GET"]}}],"collection":[{"href":"https:\/\/www.pcnen.com\/portal\/wp-json\/wp\/v2\/posts"}],"about":[{"href":"https:\/\/www.pcnen.com\/portal\/wp-json\/wp\/v2\/types\/post"}],"author":[{"embeddable":true,"href":"https:\/\/www.pcnen.com\/portal\/wp-json\/wp\/v2\/users\/12"}],"replies":[{"embeddable":true,"href":"https:\/\/www.pcnen.com\/portal\/wp-json\/wp\/v2\/comments?post=355063"}],"version-history":[{"count":3,"href":"https:\/\/www.pcnen.com\/portal\/wp-json\/wp\/v2\/posts\/355063\/revisions"}],"predecessor-version":[{"id":355068,"href":"https:\/\/www.pcnen.com\/portal\/wp-json\/wp\/v2\/posts\/355063\/revisions\/355068"}],"wp:featuredmedia":[{"embeddable":true,"href":"https:\/\/www.pcnen.com\/portal\/wp-json\/wp\/v2\/media\/286086"}],"wp:attachment":[{"href":"https:\/\/www.pcnen.com\/portal\/wp-json\/wp\/v2\/media?parent=355063"}],"wp:term":[{"taxonomy":"category","embeddable":true,"href":"https:\/\/www.pcnen.com\/portal\/wp-json\/wp\/v2\/categories?post=355063"},{"taxonomy":"post_tag","embeddable":true,"href":"https:\/\/www.pcnen.com\/portal\/wp-json\/wp\/v2\/tags?post=355063"}],"curies":[{"name":"wp","href":"https:\/\/api.w.org\/{rel}","templated":true}]}}