{"id":355060,"date":"2022-09-13T11:47:43","date_gmt":"2022-09-13T09:47:43","guid":{"rendered":"https:\/\/www.pcnen.com\/portal\/?p=355060"},"modified":"2022-09-13T11:48:23","modified_gmt":"2022-09-13T09:48:23","slug":"abazovic-odustaje-od-mjesta-predsjednika-vlade","status":"publish","type":"post","link":"https:\/\/www.pcnen.com\/portal\/2022\/09\/13\/abazovic-odustaje-od-mjesta-predsjednika-vlade\/","title":{"rendered":"Abazovi\u0107 odustaje od mjesta predsjednika Vlade?"},"content":{"rendered":"<p>Prema saznanjima portala sastanak lidera parlamentarne ve\u0107ine koji je predlo\u017eio jedan od lidera DF-a Andrija Mandi\u0107 najvjerovatnije \u0107e biti odr\u017ean sjutra i Abazovi\u0107 \u0107e do\u0107i na sastanak.<\/p>\n<p>Izvori portala Dana isti\u010du da u GP URA smatraju da oni nisu smetnja kona\u010dnom dogovoru ve\u0107ine i da su spremni da razgovaraju i o mjestu premijera.<\/p>\n<p>To bi omogu\u0107ilo novi krug razgoora. U slu\u010daju da on odustaje d premijerske unkcije, s obizroma da su Demokrate saop\u0161tile da ih to mjesto ne interesuje i da je Mandi\u0107 spreman da se i on povu\u010de, do 19. septembra kada isti\u010de krajnji rok kada predsjednik Crne Gore Milo \u0110ukanovi\u0107 mora saop\u0161titi ili ko je mandatar ili raspisati izbore, o\u010dekuje se intezivna saradnja partija stare-nove ve\u0107ine.<\/p>\n<blockquote class=\"wp-embedded-content\" data-secret=\"4y6f5jgAwK\"><p><a href=\"https:\/\/www.pcnen.com\/portal\/2022\/09\/12\/nista-od-dogovora-stare-parlamentarne-vecine\/\">Ni\u0161ta od dogovora stare parlamentarne ve\u0107ine?<\/a><\/p><\/blockquote>\n<p><iframe loading=\"lazy\" class=\"wp-embedded-content\" sandbox=\"allow-scripts\" security=\"restricted\" style=\"position: absolute; clip: rect(1px, 1px, 1px, 1px);\" title=\"&#8220;Ni\u0161ta od dogovora stare parlamentarne ve\u0107ine?&#8221; &#8212; PCNEN\" src=\"https:\/\/www.pcnen.com\/portal\/2022\/09\/12\/nista-od-dogovora-stare-parlamentarne-vecine\/embed\/#?secret=GKPb2HwL8f#?secret=4y6f5jgAwK\" data-secret=\"4y6f5jgAwK\" width=\"600\" height=\"338\" frameborder=\"0\" marginwidth=\"0\" marginheight=\"0\" scrolling=\"no\"><\/iframe><\/p>\n","protected":false},"excerpt":{"rendered":"<p>Premijer u tehni\u010dkom mandatu i lider GP URA Dritan Abazovi\u0107 nakon dana\u0161njeg sastanka sa radnicima \u017deljezare iz Nik\u0161i\u0107a, saop\u0161ti\u0107e da je spreman na ustupke i da \u0107e, najvjerovatnije, odustati od kandidature za mjesto mandatara naredne Vlade, potvr\u0111eno je portalu Dana iz vi\u0161e izvora.<\/p>\n","protected":false},"author":1,"featured_media":349717,"comment_status":"open","ping_status":"closed","sticky":false,"template":"","format":"standard","meta":{"_seopress_robots_primary_cat":"","_seopress_titles_title":"","_seopress_titles_desc":"","_seopress_robots_index":"","_et_pb_use_builder":"","_et_pb_old_content":"","_et_gb_content_width":"","inline_featured_image":false,"footnotes":""},"categories":[14],"tags":[],"class_list":["post-355060","post","type-post","status-publish","format-standard","has-post-thumbnail","hentry","category-vijesti"],"_links":{"self":[{"href":"https:\/\/www.pcnen.com\/portal\/wp-json\/wp\/v2\/posts\/355060","targetHints":{"allow":["GET"]}}],"collection":[{"href":"https:\/\/www.pcnen.com\/portal\/wp-json\/wp\/v2\/posts"}],"about":[{"href":"https:\/\/www.pcnen.com\/portal\/wp-json\/wp\/v2\/types\/post"}],"author":[{"embeddable":true,"href":"https:\/\/www.pcnen.com\/portal\/wp-json\/wp\/v2\/users\/1"}],"replies":[{"embeddable":true,"href":"https:\/\/www.pcnen.com\/portal\/wp-json\/wp\/v2\/comments?post=355060"}],"version-history":[{"count":2,"href":"https:\/\/www.pcnen.com\/portal\/wp-json\/wp\/v2\/posts\/355060\/revisions"}],"predecessor-version":[{"id":355062,"href":"https:\/\/www.pcnen.com\/portal\/wp-json\/wp\/v2\/posts\/355060\/revisions\/355062"}],"wp:featuredmedia":[{"embeddable":true,"href":"https:\/\/www.pcnen.com\/portal\/wp-json\/wp\/v2\/media\/349717"}],"wp:attachment":[{"href":"https:\/\/www.pcnen.com\/portal\/wp-json\/wp\/v2\/media?parent=355060"}],"wp:term":[{"taxonomy":"category","embeddable":true,"href":"https:\/\/www.pcnen.com\/portal\/wp-json\/wp\/v2\/categories?post=355060"},{"taxonomy":"post_tag","embeddable":true,"href":"https:\/\/www.pcnen.com\/portal\/wp-json\/wp\/v2\/tags?post=355060"}],"curies":[{"name":"wp","href":"https:\/\/api.w.org\/{rel}","templated":true}]}}