{"id":355053,"date":"2022-09-13T09:54:12","date_gmt":"2022-09-13T07:54:12","guid":{"rendered":"https:\/\/www.pcnen.com\/portal\/?p=355053"},"modified":"2022-09-13T09:54:34","modified_gmt":"2022-09-13T07:54:34","slug":"ostra-reakcija-ek-povodom-crkvenog-odlikovanja-osudenika-seselja","status":"publish","type":"post","link":"https:\/\/www.pcnen.com\/portal\/2022\/09\/13\/ostra-reakcija-ek-povodom-crkvenog-odlikovanja-osudenika-seselja\/","title":{"rendered":"O\u0161tra reakcija EK povodom crkvenog odlikovanja osu\u0111enika \u0160e\u0161elja"},"content":{"rendered":"<p>\u201cNa\u0161 stav je jasan. U Evropi nema mjesta za negiranje genocida, revizionizam i slavljenje ratnih zlo\u010dinaca \u2013 koji se suprotstavljaju najosnovnijim evropskim vrednostima. Poku\u0161aji prekrajanja istorije su neprihvatljivi\u201d, istakla je za Glasu Amerike portparolka Evropske komisije Ana Pisonero Hernandez.<\/p>\n<p>\u201cVjerski lideri i zajednice imaju odgovornost da iska\u017eu vo\u0111stvo u prevazila\u017eenju te\u0161kog nasle\u0111a pro\u0161losti i konstruktivno neguju me\u0111usobno poverenje, dijalog i toleranciju \u2013 neophodnih za stabilnost, mirnu budu\u0107nost i napredak\u201d, navodi se u odgovoru portparolke Evropske komisije.<\/p>\n<p>Orden koji je \u0160e\u0161elju dodelila novogra\u010dani\u010dko-srednjozapadnoameri\u010dka eparhija Srpske pravoslavne crkve, nije i jedini koji je lider Srpske radikalne stranke (SRS) \u2013 partije koja je pod njegovim vo\u0111stvom imala istaknutu ulogu u ratovima na prostoru biv\u0161e Jugoslavije \u2013 dobio od te crkvene organizacije.<\/p>\n<p>Prethodio je orden Belog an\u0111ela prvog reda, koji je 2015. dobio iz ruku vladike Filareta \u2013 crkvenog velikodostojnika, koji je otvoreno podr\u017eavao Slobodana Milo\u0161evi\u0107a. Tako\u0111e, Filaretu je kako pi\u0161e Istinomer, bio zabranjen ulazak u nekoliko evropskih zemalja zbog sumnje da je pomagao ha\u0161kim bjeguncima Ratku Mladi\u0107u i Radovanu Karad\u017ei\u0107u.<\/p>\n<p>\u0160e\u0161elja je 2015. odlikovao i mitropolit Srpske pravoslavne crkve Amfilohije Radovi\u0107.<\/p>\n<blockquote class=\"wp-embedded-content\" data-secret=\"ctwvF8Re1K\"><p><a href=\"https:\/\/www.pcnen.com\/portal\/2022\/09\/11\/spc-odlikovala-vojislava-seselja-orden-mu-urucio-vladika-backi-irinej\/\">SPC odlikovala Vojislava \u0160e\u0161elja, orden mu uru\u010dio vladika ba\u010dki Irinej<\/a><\/p><\/blockquote>\n<p><iframe loading=\"lazy\" class=\"wp-embedded-content\" sandbox=\"allow-scripts\" security=\"restricted\" style=\"position: absolute; clip: rect(1px, 1px, 1px, 1px);\" title=\"&#8220;SPC odlikovala Vojislava \u0160e\u0161elja, orden mu uru\u010dio vladika ba\u010dki Irinej&#8221; &#8212; PCNEN\" src=\"https:\/\/www.pcnen.com\/portal\/2022\/09\/11\/spc-odlikovala-vojislava-seselja-orden-mu-urucio-vladika-backi-irinej\/embed\/#?secret=8cKfhkwQJf#?secret=ctwvF8Re1K\" data-secret=\"ctwvF8Re1K\" width=\"600\" height=\"338\" frameborder=\"0\" marginwidth=\"0\" marginheight=\"0\" scrolling=\"no\"><\/iframe><\/p>\n","protected":false},"excerpt":{"rendered":"<p>Evropska komisija oglasila se na upit Glasa Amerike povodom ordena koji je Srpska pravoslavna crkva dodijelila ha\u0161kom osu\u0111eniku Vojislavu \u0160e\u0161elju.<\/p>\n","protected":false},"author":1,"featured_media":354912,"comment_status":"open","ping_status":"closed","sticky":false,"template":"","format":"standard","meta":{"_seopress_robots_primary_cat":"","_seopress_titles_title":"","_seopress_titles_desc":"","_seopress_robots_index":"","_et_pb_use_builder":"","_et_pb_old_content":"","_et_gb_content_width":"","inline_featured_image":false,"footnotes":""},"categories":[14],"tags":[],"class_list":["post-355053","post","type-post","status-publish","format-standard","has-post-thumbnail","hentry","category-vijesti"],"_links":{"self":[{"href":"https:\/\/www.pcnen.com\/portal\/wp-json\/wp\/v2\/posts\/355053","targetHints":{"allow":["GET"]}}],"collection":[{"href":"https:\/\/www.pcnen.com\/portal\/wp-json\/wp\/v2\/posts"}],"about":[{"href":"https:\/\/www.pcnen.com\/portal\/wp-json\/wp\/v2\/types\/post"}],"author":[{"embeddable":true,"href":"https:\/\/www.pcnen.com\/portal\/wp-json\/wp\/v2\/users\/1"}],"replies":[{"embeddable":true,"href":"https:\/\/www.pcnen.com\/portal\/wp-json\/wp\/v2\/comments?post=355053"}],"version-history":[{"count":2,"href":"https:\/\/www.pcnen.com\/portal\/wp-json\/wp\/v2\/posts\/355053\/revisions"}],"predecessor-version":[{"id":355055,"href":"https:\/\/www.pcnen.com\/portal\/wp-json\/wp\/v2\/posts\/355053\/revisions\/355055"}],"wp:featuredmedia":[{"embeddable":true,"href":"https:\/\/www.pcnen.com\/portal\/wp-json\/wp\/v2\/media\/354912"}],"wp:attachment":[{"href":"https:\/\/www.pcnen.com\/portal\/wp-json\/wp\/v2\/media?parent=355053"}],"wp:term":[{"taxonomy":"category","embeddable":true,"href":"https:\/\/www.pcnen.com\/portal\/wp-json\/wp\/v2\/categories?post=355053"},{"taxonomy":"post_tag","embeddable":true,"href":"https:\/\/www.pcnen.com\/portal\/wp-json\/wp\/v2\/tags?post=355053"}],"curies":[{"name":"wp","href":"https:\/\/api.w.org\/{rel}","templated":true}]}}