{"id":355021,"date":"2022-09-12T21:11:13","date_gmt":"2022-09-12T19:11:13","guid":{"rendered":"https:\/\/www.pcnen.com\/portal\/?p=355021"},"modified":"2022-09-12T21:15:45","modified_gmt":"2022-09-12T19:15:45","slug":"yihr-zabrinuta-zbog-poteza-predstavnika-spc","status":"publish","type":"post","link":"https:\/\/www.pcnen.com\/portal\/2022\/09\/12\/yihr-zabrinuta-zbog-poteza-predstavnika-spc\/","title":{"rendered":"YIHR zabrinuta zbog poteza predstavnika SPC"},"content":{"rendered":"<p>Inicijativa smatra da nije mogu\u0107e istovremeno zastupati porodi\u010dne vrijednosti i dodijeliti ordenje osu\u0111enom ratnom zlo\u010dincu Vojislavu \u0160e\u0161elju ili Viktoru Orbanu, premijeru dr\u017eave koja slavi ratne zlo\u010dince odgovorne za masovna strijeljanja civila u Vojvodini tokom Drugog svetskog rata, poput Miklo\u0161a Hortija.<\/p>\n<p>&#8220;Ovakvim postupanjem, SPC zloupotrebljava poverenje i autoritet koji ima u srpskom dru\u0161tvu, \u010dime ugro\u017eava najranjivije me\u0111u nama, kriju\u0107i se iza za\u0161tite tradicionalnih vrednosti&#8221;, navedeno je u saop\u0161tenju koje prenosi Beta.<\/p>\n<p>&nbsp;<\/p>\n<blockquote class=\"wp-embedded-content\" data-secret=\"bxpxxIVtIg\"><p><a href=\"https:\/\/www.pcnen.com\/portal\/2022\/09\/11\/spc-odlikovala-vojislava-seselja-orden-mu-urucio-vladika-backi-irinej\/\">SPC odlikovala Vojislava \u0160e\u0161elja, orden mu uru\u010dio vladika ba\u010dki Irinej<\/a><\/p><\/blockquote>\n<p><iframe loading=\"lazy\" class=\"wp-embedded-content\" sandbox=\"allow-scripts\" security=\"restricted\" style=\"position: absolute; clip: rect(1px, 1px, 1px, 1px);\" title=\"&#8220;SPC odlikovala Vojislava \u0160e\u0161elja, orden mu uru\u010dio vladika ba\u010dki Irinej&#8221; &#8212; PCNEN\" src=\"https:\/\/www.pcnen.com\/portal\/2022\/09\/11\/spc-odlikovala-vojislava-seselja-orden-mu-urucio-vladika-backi-irinej\/embed\/#?secret=VJpFisOQOT#?secret=bxpxxIVtIg\" data-secret=\"bxpxxIVtIg\" width=\"600\" height=\"338\" frameborder=\"0\" marginwidth=\"0\" marginheight=\"0\" scrolling=\"no\"><\/iframe><\/p>\n","protected":false},"excerpt":{"rendered":"<p>Inicijativa mladih za ljudska prava u Srbiji je saop\u0161tila da je zabrinuta zbog poteza predstavnika Srpske pravoslavne crkve (SPC) u prethodnom periodu kojima se vrije\u0111aju \u017ertve ratnih sukoba i dehumanizuju pripadnici LGBTIQ+ zajednice.<\/p>\n","protected":false},"author":1,"featured_media":354946,"comment_status":"open","ping_status":"closed","sticky":false,"template":"","format":"standard","meta":{"_seopress_robots_primary_cat":"","_seopress_titles_title":"","_seopress_titles_desc":"","_seopress_robots_index":"","_et_pb_use_builder":"","_et_pb_old_content":"","_et_gb_content_width":"","inline_featured_image":false,"footnotes":""},"categories":[14],"tags":[],"class_list":["post-355021","post","type-post","status-publish","format-standard","has-post-thumbnail","hentry","category-vijesti"],"_links":{"self":[{"href":"https:\/\/www.pcnen.com\/portal\/wp-json\/wp\/v2\/posts\/355021","targetHints":{"allow":["GET"]}}],"collection":[{"href":"https:\/\/www.pcnen.com\/portal\/wp-json\/wp\/v2\/posts"}],"about":[{"href":"https:\/\/www.pcnen.com\/portal\/wp-json\/wp\/v2\/types\/post"}],"author":[{"embeddable":true,"href":"https:\/\/www.pcnen.com\/portal\/wp-json\/wp\/v2\/users\/1"}],"replies":[{"embeddable":true,"href":"https:\/\/www.pcnen.com\/portal\/wp-json\/wp\/v2\/comments?post=355021"}],"version-history":[{"count":2,"href":"https:\/\/www.pcnen.com\/portal\/wp-json\/wp\/v2\/posts\/355021\/revisions"}],"predecessor-version":[{"id":355023,"href":"https:\/\/www.pcnen.com\/portal\/wp-json\/wp\/v2\/posts\/355021\/revisions\/355023"}],"wp:featuredmedia":[{"embeddable":true,"href":"https:\/\/www.pcnen.com\/portal\/wp-json\/wp\/v2\/media\/354946"}],"wp:attachment":[{"href":"https:\/\/www.pcnen.com\/portal\/wp-json\/wp\/v2\/media?parent=355021"}],"wp:term":[{"taxonomy":"category","embeddable":true,"href":"https:\/\/www.pcnen.com\/portal\/wp-json\/wp\/v2\/categories?post=355021"},{"taxonomy":"post_tag","embeddable":true,"href":"https:\/\/www.pcnen.com\/portal\/wp-json\/wp\/v2\/tags?post=355021"}],"curies":[{"name":"wp","href":"https:\/\/api.w.org\/{rel}","templated":true}]}}