{"id":355009,"date":"2022-09-12T17:46:03","date_gmt":"2022-09-12T15:46:03","guid":{"rendered":"https:\/\/www.pcnen.com\/portal\/?p=355009"},"modified":"2022-09-12T17:46:03","modified_gmt":"2022-09-12T15:46:03","slug":"poceo-sastanak-parlamentarne-vecine-od-30-avgusta","status":"publish","type":"post","link":"https:\/\/www.pcnen.com\/portal\/2022\/09\/12\/poceo-sastanak-parlamentarne-vecine-od-30-avgusta\/","title":{"rendered":"Po\u010deo sastanak parlamentarne ve\u0107ine od 30. avgusta"},"content":{"rendered":"<p>Predstavnici stare parlamentarne ve\u0107ine poku\u0161a\u0107e da do\u0111u do kompromisa o izboru nove Vlade i predsjednika Skup\u0161tine.<\/p>\n<p>Na sastanak su do\u0161li Andrija Mandi\u0107, Milan Kne\u017eevi\u0107, Branko Radulovi\u0107, Maksim Vu\u010dini\u0107, Dragan Krapovi\u0107, Zdenka Popovi\u0107, Danilo \u0160aranovi\u0107, Miodrag Leki\u0107, Goran Danilovi\u0107, Marko Mila\u010di\u0107, Vladimir Jokovi\u0107, Milo\u0161 Konatar, Zoran Miki\u0107 i Sr\u0111an Pavi\u0107evi\u0107.<\/p>\n<p>Inicijator sastanaka je predsjednik Nove srpske demokratije i jedan od lidera Demokratskog fronta Andrija Mandi\u0107.<\/p>\n<p>On je nakon posljednjeg sastanka, odr\u017ean u subotu, rekao da se nada da \u0107e dogovor biti postignut danas, te da je 41 poslanik potpisao Sporazum, \u010dija je su\u0161tina da onemogu\u0107i povratak Demokratske partije socijalista u organe vlasti.<\/p>\n<p>Poslanik Demokrata Dragan Krapovi\u0107 kazao je u subotu da je njihov predlog da na \u010delu Skup\u0161tine i Vlade budu \u017eene, ali da URA i SNP ne bi trebalo da pravo predlaganja, dok je poslanik GP URA Milo\u0161 Konatar prenio stav te partije da bi Dritan Abazovi\u0107 trebalo da ostane premijer.<\/p>\n<blockquote class=\"wp-embedded-content\" data-secret=\"6UoLKpsPoY\"><p><a href=\"https:\/\/www.pcnen.com\/portal\/2022\/09\/12\/danas-novi-sastanak-parlamentarne-vecine-od-30-avgusta\/\">Danas novi sastanak parlamentarne ve\u0107ine od 30. avgusta<\/a><\/p><\/blockquote>\n<p><iframe loading=\"lazy\" class=\"wp-embedded-content\" sandbox=\"allow-scripts\" security=\"restricted\" style=\"position: absolute; clip: rect(1px, 1px, 1px, 1px);\" title=\"&#8220;Danas novi sastanak parlamentarne ve\u0107ine od 30. avgusta&#8221; &#8212; PCNEN\" src=\"https:\/\/www.pcnen.com\/portal\/2022\/09\/12\/danas-novi-sastanak-parlamentarne-vecine-od-30-avgusta\/embed\/#?secret=fSKoYjWnzT#?secret=6UoLKpsPoY\" data-secret=\"6UoLKpsPoY\" width=\"600\" height=\"338\" frameborder=\"0\" marginwidth=\"0\" marginheight=\"0\" scrolling=\"no\"><\/iframe><\/p>\n","protected":false},"excerpt":{"rendered":"<p>\u010cetvrti sastanak predstavnika parlamentarne ve\u0107ine od 30. avgusta 2020. godine po\u010deo je u Skup\u0161tini Crne Gore.<\/p>\n","protected":false},"author":1,"featured_media":306187,"comment_status":"open","ping_status":"closed","sticky":false,"template":"","format":"standard","meta":{"_seopress_robots_primary_cat":"","_seopress_titles_title":"","_seopress_titles_desc":"","_seopress_robots_index":"","_et_pb_use_builder":"","_et_pb_old_content":"","_et_gb_content_width":"","inline_featured_image":false,"footnotes":""},"categories":[14],"tags":[],"class_list":["post-355009","post","type-post","status-publish","format-standard","has-post-thumbnail","hentry","category-vijesti"],"_links":{"self":[{"href":"https:\/\/www.pcnen.com\/portal\/wp-json\/wp\/v2\/posts\/355009","targetHints":{"allow":["GET"]}}],"collection":[{"href":"https:\/\/www.pcnen.com\/portal\/wp-json\/wp\/v2\/posts"}],"about":[{"href":"https:\/\/www.pcnen.com\/portal\/wp-json\/wp\/v2\/types\/post"}],"author":[{"embeddable":true,"href":"https:\/\/www.pcnen.com\/portal\/wp-json\/wp\/v2\/users\/1"}],"replies":[{"embeddable":true,"href":"https:\/\/www.pcnen.com\/portal\/wp-json\/wp\/v2\/comments?post=355009"}],"version-history":[{"count":1,"href":"https:\/\/www.pcnen.com\/portal\/wp-json\/wp\/v2\/posts\/355009\/revisions"}],"predecessor-version":[{"id":355010,"href":"https:\/\/www.pcnen.com\/portal\/wp-json\/wp\/v2\/posts\/355009\/revisions\/355010"}],"wp:featuredmedia":[{"embeddable":true,"href":"https:\/\/www.pcnen.com\/portal\/wp-json\/wp\/v2\/media\/306187"}],"wp:attachment":[{"href":"https:\/\/www.pcnen.com\/portal\/wp-json\/wp\/v2\/media?parent=355009"}],"wp:term":[{"taxonomy":"category","embeddable":true,"href":"https:\/\/www.pcnen.com\/portal\/wp-json\/wp\/v2\/categories?post=355009"},{"taxonomy":"post_tag","embeddable":true,"href":"https:\/\/www.pcnen.com\/portal\/wp-json\/wp\/v2\/tags?post=355009"}],"curies":[{"name":"wp","href":"https:\/\/api.w.org\/{rel}","templated":true}]}}