{"id":355000,"date":"2022-09-12T13:16:48","date_gmt":"2022-09-12T11:16:48","guid":{"rendered":"https:\/\/www.pcnen.com\/portal\/?p=355000"},"modified":"2022-09-12T13:16:48","modified_gmt":"2022-09-12T11:16:48","slug":"beograd-podizanjem-zastave-duginih-boja-otvoren-europajd","status":"publish","type":"post","link":"https:\/\/www.pcnen.com\/portal\/2022\/09\/12\/beograd-podizanjem-zastave-duginih-boja-otvoren-europajd\/","title":{"rendered":"Beograd: Podizanjem zastave duginih boja otvoren Europajd"},"content":{"rendered":"<p>&#8220;Mnogi su verovali da ne\u0107emo sti\u0107i do ovde, da se Evroprajd ne\u0107e desiti, ali evo nas&#8221;, izjavio je jedan od organizatora Europajda Goran Mileti\u0107 i dodao da \u0107e ovaj doga\u0111aj pokazati da je &#8220;Beograd otvoren za sve&#8221;.<\/p>\n<p>Dr\u017eava jo\u0161 nije donijela kona\u010dnu odluku da li \u0107e dozvoliti me\u0111unarodnu LBGTI+ \u0161etnju, koja je u okviru Europajd nedjelje planirana za 17. septembar.<\/p>\n<p>Predsjednik Srbije Aleksandar Vu\u010di\u0107 saop\u0161tio je 10. septembra nakon sastanka Savjeta za nacionalnu bezbijednost da \u0107e odluku o Europajdu donijeti Ministarstvo unutra\u0161njih poslova &#8220;96 sati pre tog skupa&#8221;.<\/p>\n<p>Organizatori su na otvaranju 12. septembra pozvali da se u subotu (17. septembar) \u0161eta &#8220;za toleranciju i bolje dru\u0161tvo&#8221;.<\/p>\n<p>Skup ispred Palate Srbija obezbje\u0111ivalo je vi\u0161e desetina policajaca.<\/p>\n<p>Od zvani\u010dnika Srbije otvaranju je prisustvovala povjerenica za ravnopravnost Brankica Jankovi\u0107.<\/p>\n<p>Na skupu su bili i ambasador SAD-a Kristofer Hil i predstavnici ambasada evropskih zemalja.<\/p>\n<p>Tokom sedam dana Evroprajda bi\u0107e odr\u017eano oko 130 doga\u0111aja. Goran Mileti\u0107 izjavio je da je Ta\u0161majdan nova lokacija za koncerte, umjesto Donjeg Kalemegdana.<\/p>\n<p>Mileti\u0107 je rekao da se podizanjem zastave ispred institucija poru\u010duje da se od njih o\u010dekuje zakonsko re\u0161avanje prava LGBT + osoba.<\/p>\n<p>LGBT+ zajednica tra\u017ei od dr\u017eave usvajanje zakona o osnovnim pravima istopolnih parova, kao i zaustavljanje nasilja i diskriminacije.<\/p>\n<p>Dan uo\u010di otvaranja manifestacije, 11. septembra, vi\u0161e neformalnih ekstremno desni\u010darskih grupa, uz podr\u0161ku Srpske pravoslavne crkve (SPC), organizovalo je \u0161etnje centralnim ulicama Beograda, koje su nazvali &#8220;litije&#8221;.<\/p>\n<p>Nakon \u0161etnje, u\u010desnici protesta su se okupili ispred Hrama Svetog Save gde je poglavar SPC Porfirije slu\u017eio moleban &#8220;za svetinju braka i porodice&#8221;.<\/p>\n<p>Organizatori su na protestu poru\u010dili da \u0107e se, ukoliko se Europajd odr\u017ei i policija ne zabrani skup, okupiti istog dana sa ikonama.<\/p>\n<p>To su tre\u0107e \u0161etnje protiv odr\u017eavanja Europajda (LGBT+ \u0161etnje) u glavnom gradu Srbije.<\/p>\n<p>Evropsko udru\u017eenje organizatora Prajda najavilo je obra\u0107anje sudu u Srbiji slu\u010daju formalne zabrane.<\/p>\n<p>Ovo nije prvi put da dr\u017eava zabranjuje Paradu ponosa pod pritiscima desni\u010dara.<\/p>\n<p>Ustavni sud Srbije je 2013. zaklju\u010dio da je ranijim zabranama Parada u Beogradu prekr\u0161en Ustav.<\/p>\n<p>Od 2014. \u0161etnje LGBT pripadnika su se nesmetano odr\u017eavale, uz jako policijsko obezbje\u0111enje, a pratili su ih skupovi zakazani za isti dan u organizaciji desni\u010darskih organizacija predstavnika SPC-a.<\/p>\n","protected":false},"excerpt":{"rendered":"<p>Podizanjem zastave duginih boja ispred Palate Srbije u Beogradu otvoren je ovogodi\u0161nji Europajd (EuroPride), najzna\u010dajniji evropski doga\u0111aj za LGBTI+ zajednicu kojem \u0107e glavni grad Srbije biti doma\u0107in od 12. do 18. septembra. (Foto;RSE)<\/p>\n","protected":false},"author":1,"featured_media":355001,"comment_status":"open","ping_status":"closed","sticky":false,"template":"","format":"standard","meta":{"_seopress_robots_primary_cat":"","_seopress_titles_title":"","_seopress_titles_desc":"","_seopress_robots_index":"","_et_pb_use_builder":"","_et_pb_old_content":"","_et_gb_content_width":"","inline_featured_image":false,"footnotes":""},"categories":[14],"tags":[],"class_list":["post-355000","post","type-post","status-publish","format-standard","has-post-thumbnail","hentry","category-vijesti"],"_links":{"self":[{"href":"https:\/\/www.pcnen.com\/portal\/wp-json\/wp\/v2\/posts\/355000","targetHints":{"allow":["GET"]}}],"collection":[{"href":"https:\/\/www.pcnen.com\/portal\/wp-json\/wp\/v2\/posts"}],"about":[{"href":"https:\/\/www.pcnen.com\/portal\/wp-json\/wp\/v2\/types\/post"}],"author":[{"embeddable":true,"href":"https:\/\/www.pcnen.com\/portal\/wp-json\/wp\/v2\/users\/1"}],"replies":[{"embeddable":true,"href":"https:\/\/www.pcnen.com\/portal\/wp-json\/wp\/v2\/comments?post=355000"}],"version-history":[{"count":1,"href":"https:\/\/www.pcnen.com\/portal\/wp-json\/wp\/v2\/posts\/355000\/revisions"}],"predecessor-version":[{"id":355002,"href":"https:\/\/www.pcnen.com\/portal\/wp-json\/wp\/v2\/posts\/355000\/revisions\/355002"}],"wp:featuredmedia":[{"embeddable":true,"href":"https:\/\/www.pcnen.com\/portal\/wp-json\/wp\/v2\/media\/355001"}],"wp:attachment":[{"href":"https:\/\/www.pcnen.com\/portal\/wp-json\/wp\/v2\/media?parent=355000"}],"wp:term":[{"taxonomy":"category","embeddable":true,"href":"https:\/\/www.pcnen.com\/portal\/wp-json\/wp\/v2\/categories?post=355000"},{"taxonomy":"post_tag","embeddable":true,"href":"https:\/\/www.pcnen.com\/portal\/wp-json\/wp\/v2\/tags?post=355000"}],"curies":[{"name":"wp","href":"https:\/\/api.w.org\/{rel}","templated":true}]}}