{"id":354987,"date":"2022-09-12T11:24:47","date_gmt":"2022-09-12T09:24:47","guid":{"rendered":"https:\/\/www.pcnen.com\/portal\/?p=354987"},"modified":"2022-09-12T11:24:47","modified_gmt":"2022-09-12T09:24:47","slug":"traze-hitnu-reakciju-drzavnih-organa-u-sporovima-sa-mcp","status":"publish","type":"post","link":"https:\/\/www.pcnen.com\/portal\/2022\/09\/12\/traze-hitnu-reakciju-drzavnih-organa-u-sporovima-sa-mcp\/","title":{"rendered":"Tra\u017ee hitnu reakciju dr\u017eavnih organa u sporovima sa MCP"},"content":{"rendered":"<p>Iz Slu\u017ebe gradona\u010delnika Cetinja saop\u0161teno je da je pravni tim odr\u017eao sastanak kome su, pored stalnih \u010dlanova, prisustvovali i predstavnici Ljubotinja, na \u010dijoj se teritoriji nalaze crkve koje su predmeti zahtjeva MCP.<\/p>\n<p>Na sastanku je, kako su kazali, zaklju\u010deno da dr\u017eavni organi nedovoljno efikasno i izuzetno sporo reaguju kada su u pitanju sporovi i postupci u kojima su stranke u sporu Prijestonica i MCP, prenosi Mina.<\/p>\n<p>\u201ePravni tim je zatra\u017eio od nadle\u017enih dr\u017eavnih organa hitnu i efikasniju aktivnost po pitanju svih sporova i postupaka koji se vode izme\u0111u Prijestonice i MCP\u201c, navodi se u saop\u0161tenju.<\/p>\n<p>Kako su rekli iz Slu\u017ebe gradona\u010delnika, kada su u pitanju procedure za promjenu pravnog statusa Cetinjskog manastira, vode se upravni sporovi kod Upravnog suda radi poni\u0161tenje rje\u0161enja Ministarstva finansija i socijalnog staranja, i to od 9. februara pro\u0161le godine.<\/p>\n<p>Iz Slu\u017ebe gradona\u010delnika kazali su da se tra\u017ei poni\u0161tenje rje\u0161enja od 28.oktobra pro\u0161le godine.<\/p>\n<p>Iz Slu\u017ebe gradona\u010delnika rekli su da je u oba slu\u010daja Prijestonica podnijela tu\u017ebe.<\/p>\n<p>Oni su kazali da se kod Specijalnog dr\u017eavnog tu\u017eila\u0161tva (SDT) u Podgorici vodi postupak po osnovu podnijete krivi\u010dne prijave od 14. oktobra pro\u0161le godine.<\/p>\n<p>Navodi se da je krivi\u010dnu prijavu podnijela Prijestonica protiv tada\u0161njeg premijera Zdravka Krivokapi\u0107a, nekada\u0161nje generalne sekretarke Vlade \u017dane Pra\u0161\u010devi\u0107 Mila\u010di\u0107 i vr\u0161ioca du\u017enosti direktora Uprave za katastar i dr\u017eavnu imovinu Ko\u010de \u0110uri\u0161i\u0107a zbog osnovane sumnje da su po\u010dinili krivi\u010dno djelo zloupotreba slu\u017ebenog polo\u017eaja.<\/p>\n<p>Iz Slu\u017ebe gradona\u010delnika rekli su da se kod Osnovnog dr\u017eavnog tu\u017eila\u0161tva (ODT) Cetinje vodi krivi\u010dni postupak po krivi\u010dnoj prijavi Prijestonice protiv NN lica iz MCP i NN lica iz Uprave za za\u0161titu kulturnih dobara zbog osnovane sumnje da su na \u0161tetu Prijestonice kao saizvr\u0161ioci po\u010dinili krivi\u010dno djelo uni\u0161tenje i o\u0161te\u0107enje kulturnog dobra.<\/p>\n<p>Kako su naveli, kod Ministarstva finansija je u toku postupak po \u017ealbi MCP i Za\u0161titnika imovinsko pravnih interesa Crne Gore protiv rje\u0161enja Uprave za katastar i dr\u017eavnu imovinu &#8211; Podru\u010dna jedinice Cetinje od 15. septembra pro\u0161le godine.<\/p>\n<p>\u201eKojim se u stavu jedan odbija zahtjev MCP za ispravku pogre\u0161no upisanog prava svojine u listu nepokretnosti br. 915 KO Cetinje I na Prijestonicu, kao neosnovan\u201c, ka\u017ee se u saop\u0161tenju.<\/p>\n<p>Navodi se da se u stavu dva odbija zahtjev MCP za brisanje Prijestonice iz lista nepokretnosti 915 KO Cetinje I kao nosioca prava svojine 1\/1 i upis MCP ili manastira Sveti Petar Cetinjski kao nosioca prava svojine 1\/1, kao neosnovan.<\/p>\n<p>&#8220;S toga Prijestonica poziva SDT, ODT Cetinje, Ministarstvo finansija, Upravu za katastar i dr\u017eavnu imovinu i Upravni sud da postupaju u skladu sa nadle\u017enostima i u zakonskim rokovima donose odluke u ovim sporovima i postupcima&#8221;, ka\u017ee se u saop\u0161tenju.<\/p>\n","protected":false},"excerpt":{"rendered":"<p>Pravni tim za pitanja prava svojine nad Cetinjskim manastirom gradona\u010delnika Cetinja zatra\u017eio je od nadle\u017enih dr\u017eavnih organa hitnu i efikasniju aktivnost po pitanju svih sporova i postupaka koji se vode izme\u0111u Prijestonice i Mitropolije crnogorsko-primorske (MCP).<\/p>\n","protected":false},"author":1,"featured_media":290679,"comment_status":"open","ping_status":"closed","sticky":false,"template":"","format":"standard","meta":{"_seopress_robots_primary_cat":"","_seopress_titles_title":"","_seopress_titles_desc":"","_seopress_robots_index":"","_et_pb_use_builder":"","_et_pb_old_content":"","_et_gb_content_width":"","inline_featured_image":false,"footnotes":""},"categories":[14],"tags":[],"class_list":["post-354987","post","type-post","status-publish","format-standard","has-post-thumbnail","hentry","category-vijesti"],"_links":{"self":[{"href":"https:\/\/www.pcnen.com\/portal\/wp-json\/wp\/v2\/posts\/354987","targetHints":{"allow":["GET"]}}],"collection":[{"href":"https:\/\/www.pcnen.com\/portal\/wp-json\/wp\/v2\/posts"}],"about":[{"href":"https:\/\/www.pcnen.com\/portal\/wp-json\/wp\/v2\/types\/post"}],"author":[{"embeddable":true,"href":"https:\/\/www.pcnen.com\/portal\/wp-json\/wp\/v2\/users\/1"}],"replies":[{"embeddable":true,"href":"https:\/\/www.pcnen.com\/portal\/wp-json\/wp\/v2\/comments?post=354987"}],"version-history":[{"count":1,"href":"https:\/\/www.pcnen.com\/portal\/wp-json\/wp\/v2\/posts\/354987\/revisions"}],"predecessor-version":[{"id":354988,"href":"https:\/\/www.pcnen.com\/portal\/wp-json\/wp\/v2\/posts\/354987\/revisions\/354988"}],"wp:featuredmedia":[{"embeddable":true,"href":"https:\/\/www.pcnen.com\/portal\/wp-json\/wp\/v2\/media\/290679"}],"wp:attachment":[{"href":"https:\/\/www.pcnen.com\/portal\/wp-json\/wp\/v2\/media?parent=354987"}],"wp:term":[{"taxonomy":"category","embeddable":true,"href":"https:\/\/www.pcnen.com\/portal\/wp-json\/wp\/v2\/categories?post=354987"},{"taxonomy":"post_tag","embeddable":true,"href":"https:\/\/www.pcnen.com\/portal\/wp-json\/wp\/v2\/tags?post=354987"}],"curies":[{"name":"wp","href":"https:\/\/api.w.org\/{rel}","templated":true}]}}