{"id":354945,"date":"2022-09-11T20:04:31","date_gmt":"2022-09-11T18:04:31","guid":{"rendered":"https:\/\/www.pcnen.com\/portal\/?p=354945"},"modified":"2022-09-11T20:05:00","modified_gmt":"2022-09-11T18:05:00","slug":"beograd-moleban-crkve-i-protest-desnicara-protiv-europrajda","status":"publish","type":"post","link":"https:\/\/www.pcnen.com\/portal\/2022\/09\/11\/beograd-moleban-crkve-i-protest-desnicara-protiv-europrajda\/","title":{"rendered":"Beograd: &#8216;Moleban&#8217; crkve i protest desni\u010dara protiv Europrajda"},"content":{"rendered":"<p>To su tre\u0107e \u0161etnje koje se organizuju protiv odr\u017eavanja Evroprajda (LGBT+ \u0161etnje) u glavnom gradu Srbije.<\/p>\n<p>Organizatori su na protestu poru\u010dili da \u0107e se, ukoliko se Europrajd odr\u017ei i policija ne zabrani skup, okupiti istog dana sa ikonama. Na po\u010detku protesta su poru\u010dili da je cilj skupa &#8220;spre\u010davanje ovog i svakog drugog Prajda&#8221;.<\/p>\n<p>U\u010desnici su se okupili ispred sjedi\u0161ta Patrijar\u0161ije odakle su krenuli ka hramu Svetog Save u Beogradu gdje \u0107e se pridru\u017eiti, kako su naveli, &#8220;svenarodnom molebanu za svetinju braka i porodice&#8221; koji \u0107e slu\u017eiti poglavar SPC Porfirije, <a href=\"https:\/\/www.slobodnaevropa.org\/a\/spc-desnicari-evroprajd-litije-moleban\/32028614.html\">prenosi RSE.<\/a><\/p>\n<p>U\u010desnici protestnih &#8220;litija&#8221; nose crkvena obilje\u017eja, a kolonu predvode sve\u0161tena lica. Na protestu u\u010destvuju i bajkeri.<\/p>\n<p>Europrajd je zakazan za 17. septembar.<\/p>\n<blockquote><p><em>Europrajd je me\u0111unarodni doga\u0111aj koji uklju\u010duje Paradu ponosa, i koji se svake godine odr\u017eava u drugom evropskom gradu. Prvi put je organizovan 1992. u Londonu.<\/em><br \/>\n<em>Beograd je izabran za doma\u0107ina 2022. u konkurenciji Barselone, Lisabona i Dablina.<\/em><\/p><\/blockquote>\n","protected":false},"excerpt":{"rendered":"<p>Vi\u0161e neformalnih ekstremno desni\u010darskih grupa, uz podr\u0161ku dijela Srpske pravoslavne crkve (SPC), organizovalo je \u0161etnje, koje su nazvali &#8220;litije&#8221;, centralnim ulicama Beograda, danas popodne. (Foto: RSE)<\/p>\n","protected":false},"author":1,"featured_media":354946,"comment_status":"open","ping_status":"closed","sticky":false,"template":"","format":"standard","meta":{"_seopress_robots_primary_cat":"","_seopress_titles_title":"","_seopress_titles_desc":"","_seopress_robots_index":"","_et_pb_use_builder":"","_et_pb_old_content":"","_et_gb_content_width":"","inline_featured_image":false,"footnotes":""},"categories":[14],"tags":[],"class_list":["post-354945","post","type-post","status-publish","format-standard","has-post-thumbnail","hentry","category-vijesti"],"_links":{"self":[{"href":"https:\/\/www.pcnen.com\/portal\/wp-json\/wp\/v2\/posts\/354945","targetHints":{"allow":["GET"]}}],"collection":[{"href":"https:\/\/www.pcnen.com\/portal\/wp-json\/wp\/v2\/posts"}],"about":[{"href":"https:\/\/www.pcnen.com\/portal\/wp-json\/wp\/v2\/types\/post"}],"author":[{"embeddable":true,"href":"https:\/\/www.pcnen.com\/portal\/wp-json\/wp\/v2\/users\/1"}],"replies":[{"embeddable":true,"href":"https:\/\/www.pcnen.com\/portal\/wp-json\/wp\/v2\/comments?post=354945"}],"version-history":[{"count":2,"href":"https:\/\/www.pcnen.com\/portal\/wp-json\/wp\/v2\/posts\/354945\/revisions"}],"predecessor-version":[{"id":354948,"href":"https:\/\/www.pcnen.com\/portal\/wp-json\/wp\/v2\/posts\/354945\/revisions\/354948"}],"wp:featuredmedia":[{"embeddable":true,"href":"https:\/\/www.pcnen.com\/portal\/wp-json\/wp\/v2\/media\/354946"}],"wp:attachment":[{"href":"https:\/\/www.pcnen.com\/portal\/wp-json\/wp\/v2\/media?parent=354945"}],"wp:term":[{"taxonomy":"category","embeddable":true,"href":"https:\/\/www.pcnen.com\/portal\/wp-json\/wp\/v2\/categories?post=354945"},{"taxonomy":"post_tag","embeddable":true,"href":"https:\/\/www.pcnen.com\/portal\/wp-json\/wp\/v2\/tags?post=354945"}],"curies":[{"name":"wp","href":"https:\/\/api.w.org\/{rel}","templated":true}]}}