{"id":354941,"date":"2022-09-11T19:41:33","date_gmt":"2022-09-11T17:41:33","guid":{"rendered":"https:\/\/www.pcnen.com\/portal\/?p=354941"},"modified":"2022-09-11T19:41:33","modified_gmt":"2022-09-11T17:41:33","slug":"ombudsman-osudio-prijetnje-urednici-m-portala","status":"publish","type":"post","link":"https:\/\/www.pcnen.com\/portal\/2022\/09\/11\/ombudsman-osudio-prijetnje-urednici-m-portala\/","title":{"rendered":"Ombudsman osudio prijetnje urednici M portala"},"content":{"rendered":"<p>&#8220;O\u010dekujemo da \u0107e u najkra\u0107em mogu\u0107em roku biti otkriven(i) i procesuiran(i) po\u010dinilac\/oci koji su se odva\u017eili da na ovako besprizoran i nedopustiv na\u010din prijete ugro\u017eavanjem fizi\u010dkog i psihi\u010dkog integriteta novinara, ali i svih drugih subjekata sa \u010dijim stavovima i mi\u0161ljenjima nijesu saglasni. Jedino tako mo\u017ee se razbiti krug poziva na nasilje i ugro\u017eavanja elementrane sigurnosti ne samo novinara, ve\u0107 i ostalih drugih \u010dije se mi\u0161ljenje plasira u javnosti, kao i njihovih porodica&#8221;, navode iz kancelarije Ombudsmana.<\/p>\n<p>Zabrinjava, kako navode, u\u010destali niz razli\u010ditih vrsti pritisaka, napada i drugih primjera ugro\u017eavanja medijskih sloboda, \u0161to je prema njihovim rije\u010dima, pokazatelj da o\u010digledno &#8220;kao dru\u0161tvo i dalje imamo problem da obezbijedimo po\u0161tovanje prava na slobodu izra\u017eavanja i istovremeno ograni\u010dimo govor mr\u017enje, unaprijedimo klimu tolerancije i kulturu dijaloga, generalno&#8221;.<\/p>\n<p>&#8220;Iako je sadr\u017eaj poruka sa kojima je javnost danas upoznata sporan i sraman od po\u010detka do kraja, sa stanovi\u0161ta za\u0161tite od diskriminacije posebno osu\u0111ujemo drsko i vulgarno vrije\u0111anje dostojanstva \u017eena i sve izre\u010dene mizogine i seksisti\u010dke kvalifikacije&#8221;, dodali su u saop\u0161tenju.<\/p>\n<p>Isti\u010du da sve eventualne prigovore i zamjerke, koje se mogu javiti u vezi sa radom bilo kog medija, potrebno rje\u0161avati institucionalnim mehanizmima, putem predvi\u0111enih procedura, kako se ni\u010dim ne bi ugrozio polo\u017eaj pripadnika ove profesije.<\/p>\n<blockquote class=\"wp-embedded-content\" data-secret=\"cvnHC5iRKC\"><p><a href=\"https:\/\/www.pcnen.com\/portal\/2022\/09\/11\/prijetnje-m-portalu-visices-na-banderi-za-primjer\/\">Prijetnje M portalu: \u2018Visi\u0107e\u0161 na banderi za primjer\u2019<\/a><\/p><\/blockquote>\n<p><iframe loading=\"lazy\" class=\"wp-embedded-content\" sandbox=\"allow-scripts\" security=\"restricted\" style=\"position: absolute; clip: rect(1px, 1px, 1px, 1px);\" title=\"&#8220;Prijetnje M portalu: \u2018Visi\u0107e\u0161 na banderi za primjer\u2019&#8221; &#8212; PCNEN\" src=\"https:\/\/www.pcnen.com\/portal\/2022\/09\/11\/prijetnje-m-portalu-visices-na-banderi-za-primjer\/embed\/#?secret=FhydVPn8z7#?secret=cvnHC5iRKC\" data-secret=\"cvnHC5iRKC\" width=\"600\" height=\"338\" frameborder=\"0\" marginwidth=\"0\" marginheight=\"0\" scrolling=\"no\"><\/iframe><\/p>\n","protected":false},"excerpt":{"rendered":"<p>Za\u0161titnik ljudskih prava i sloboda Crne Gore osu\u0111uje prijetnje i uvrede upu\u0107ene urednici M portala, kao i ostalim novinarima i drugim javnim li\u010dnostima koji su targetirani porukama krajnje prizemne i uznemiruju\u0107e sadr\u017eine.<\/p>\n","protected":false},"author":1,"featured_media":351172,"comment_status":"open","ping_status":"closed","sticky":false,"template":"","format":"standard","meta":{"_seopress_robots_primary_cat":"","_seopress_titles_title":"","_seopress_titles_desc":"","_seopress_robots_index":"","_et_pb_use_builder":"","_et_pb_old_content":"","_et_gb_content_width":"","inline_featured_image":false,"footnotes":""},"categories":[14],"tags":[],"class_list":["post-354941","post","type-post","status-publish","format-standard","has-post-thumbnail","hentry","category-vijesti"],"_links":{"self":[{"href":"https:\/\/www.pcnen.com\/portal\/wp-json\/wp\/v2\/posts\/354941","targetHints":{"allow":["GET"]}}],"collection":[{"href":"https:\/\/www.pcnen.com\/portal\/wp-json\/wp\/v2\/posts"}],"about":[{"href":"https:\/\/www.pcnen.com\/portal\/wp-json\/wp\/v2\/types\/post"}],"author":[{"embeddable":true,"href":"https:\/\/www.pcnen.com\/portal\/wp-json\/wp\/v2\/users\/1"}],"replies":[{"embeddable":true,"href":"https:\/\/www.pcnen.com\/portal\/wp-json\/wp\/v2\/comments?post=354941"}],"version-history":[{"count":1,"href":"https:\/\/www.pcnen.com\/portal\/wp-json\/wp\/v2\/posts\/354941\/revisions"}],"predecessor-version":[{"id":354942,"href":"https:\/\/www.pcnen.com\/portal\/wp-json\/wp\/v2\/posts\/354941\/revisions\/354942"}],"wp:featuredmedia":[{"embeddable":true,"href":"https:\/\/www.pcnen.com\/portal\/wp-json\/wp\/v2\/media\/351172"}],"wp:attachment":[{"href":"https:\/\/www.pcnen.com\/portal\/wp-json\/wp\/v2\/media?parent=354941"}],"wp:term":[{"taxonomy":"category","embeddable":true,"href":"https:\/\/www.pcnen.com\/portal\/wp-json\/wp\/v2\/categories?post=354941"},{"taxonomy":"post_tag","embeddable":true,"href":"https:\/\/www.pcnen.com\/portal\/wp-json\/wp\/v2\/tags?post=354941"}],"curies":[{"name":"wp","href":"https:\/\/api.w.org\/{rel}","templated":true}]}}