{"id":354922,"date":"2022-09-11T15:32:10","date_gmt":"2022-09-11T13:32:10","guid":{"rendered":"https:\/\/www.pcnen.com\/portal\/?p=354922"},"modified":"2022-09-11T15:51:12","modified_gmt":"2022-09-11T13:51:12","slug":"vladika-jovan-urucio-gramate-damjanovicu-kovacu-juskovicu-i-carevicu","status":"publish","type":"post","link":"https:\/\/www.pcnen.com\/portal\/2022\/09\/11\/vladika-jovan-urucio-gramate-damjanovicu-kovacu-juskovicu-i-carevicu\/","title":{"rendered":"Vladika Jovan uru\u010dio gramate Damjanovi\u0107u, Kova\u010du, Ju\u0161kovi\u0107u i Carevi\u0107u"},"content":{"rendered":"<p>Gramate su uru\u010dene ministru finansija Aleksandru Damjanovi\u0107u, ministru pravde Marku Kova\u010du, predsjedniku odbora povjerenika SO Budve Neboj\u0161i Ju\u0161kovi\u0107u i donedavnom predsjedniku Op\u0161tine Budva Marku Batu Carevi\u0107u, pi\u0161e Borba.<\/p>\n<p>Gramate su uru\u010dene pred patrijarhom SPC Porfirijem, mitropolitom crnogorsko-primorskim Joanikijem i drugim visokim zvanicama.<\/p>\n<blockquote><p><em>Oni su boravili ju\u010de u Jasenovcu gdje su prisustvovali liturgiji koju je slu\u017eio patrijarh Srpske pravoslavne crkve (SPC) Porfirije u manastiru svetog Jovana Krstitelja.<\/em><\/p>\n<p><em>U manastiru se obilje\u017eava praznika Svetih novomu\u010denika jasenova\u010dkih.<\/em><\/p>\n<p><em>Pored Damjanovi\u0107a i Kova\u010da u Jasenovcu su i predsjednik op\u0161tine Budva Milo Bo\u017eovi\u0107, predsjednik Odbora povjerenika Op\u0161tine Budva Neboj\u0161a Ju\u0161kovi\u0107, biv\u0161i predsjednik op\u0161tine Budva Marko Carevi\u0107 i \u0161ef kabineta predsjednika op\u0161tine Budva Nikola Jovanovi\u0107, protjerani ambasador Srbije u Crnoj Gori Vladimir Bo\u017eovi\u0107&#8230;<\/em><\/p><\/blockquote>\n","protected":false},"excerpt":{"rendered":"<p>Episkop pakra\u010dko-slavonski Jovan uru\u010dio je najve\u0107e priznanje u okviru svoje Episkopije \u201eArhijerejsku gramatu\u201c, za pokazanu nesebi\u010dnu ljubav i revnost prema svojoj Svetoj Crkvi Pravoslavnoj, naro\u010dito na polju obnove manastira Jasenovac.<\/p>\n","protected":false},"author":1,"featured_media":354923,"comment_status":"open","ping_status":"closed","sticky":false,"template":"","format":"standard","meta":{"_seopress_robots_primary_cat":"","_seopress_titles_title":"","_seopress_titles_desc":"","_seopress_robots_index":"","_et_pb_use_builder":"","_et_pb_old_content":"","_et_gb_content_width":"","inline_featured_image":false,"footnotes":""},"categories":[14],"tags":[],"class_list":["post-354922","post","type-post","status-publish","format-standard","has-post-thumbnail","hentry","category-vijesti"],"_links":{"self":[{"href":"https:\/\/www.pcnen.com\/portal\/wp-json\/wp\/v2\/posts\/354922","targetHints":{"allow":["GET"]}}],"collection":[{"href":"https:\/\/www.pcnen.com\/portal\/wp-json\/wp\/v2\/posts"}],"about":[{"href":"https:\/\/www.pcnen.com\/portal\/wp-json\/wp\/v2\/types\/post"}],"author":[{"embeddable":true,"href":"https:\/\/www.pcnen.com\/portal\/wp-json\/wp\/v2\/users\/1"}],"replies":[{"embeddable":true,"href":"https:\/\/www.pcnen.com\/portal\/wp-json\/wp\/v2\/comments?post=354922"}],"version-history":[{"count":4,"href":"https:\/\/www.pcnen.com\/portal\/wp-json\/wp\/v2\/posts\/354922\/revisions"}],"predecessor-version":[{"id":354928,"href":"https:\/\/www.pcnen.com\/portal\/wp-json\/wp\/v2\/posts\/354922\/revisions\/354928"}],"wp:featuredmedia":[{"embeddable":true,"href":"https:\/\/www.pcnen.com\/portal\/wp-json\/wp\/v2\/media\/354923"}],"wp:attachment":[{"href":"https:\/\/www.pcnen.com\/portal\/wp-json\/wp\/v2\/media?parent=354922"}],"wp:term":[{"taxonomy":"category","embeddable":true,"href":"https:\/\/www.pcnen.com\/portal\/wp-json\/wp\/v2\/categories?post=354922"},{"taxonomy":"post_tag","embeddable":true,"href":"https:\/\/www.pcnen.com\/portal\/wp-json\/wp\/v2\/tags?post=354922"}],"curies":[{"name":"wp","href":"https:\/\/api.w.org\/{rel}","templated":true}]}}