{"id":354915,"date":"2022-09-11T14:29:57","date_gmt":"2022-09-11T12:29:57","guid":{"rendered":"https:\/\/www.pcnen.com\/portal\/?p=354915"},"modified":"2022-09-11T14:29:57","modified_gmt":"2022-09-11T12:29:57","slug":"majke-srebrenice-mirnom-setnjom-u-mostaru-podsjetile-na-genocid","status":"publish","type":"post","link":"https:\/\/www.pcnen.com\/portal\/2022\/09\/11\/majke-srebrenice-mirnom-setnjom-u-mostaru-podsjetile-na-genocid\/","title":{"rendered":"Majke Srebrenice mirnom \u0161etnjom u Mostaru podsjetile na genocid"},"content":{"rendered":"<p>\u0160etnjom su podsjetile na 11. juli 1995. godine, kada su vojne i policijske snage Republike Srpske po\u010dinile genocid nad preko 8. 000 bo\u0161nja\u010dkih dje\u010daka i mu\u0161karaca.<\/p>\n<p>Nose\u0107i transparente sa fotografijama i imenima \u017ertava genocida, kao i jastu\u010di\u0107e sa izvezenim imenima ubijenih mu\u0161karaca u genocidu u Srebrenici, majke Srebrenice su sa skupa u Mostaru poru\u010dile kako rije\u010d o borbi za istinu i pravdu \u017eele pro\u0161iriti i na druge gradove u Bosni i Hercegovini, prenosi RSE.<\/p>\n<p>Predsjednica Udru\u017eenja &#8220;Pokret majki enklava Srebrenica i \u017depa&#8221;, Munira Suba\u0161i\u0107 izjavila je kako se majke Srebrenice ve\u0107 27 godina se bore za istinu i tra\u017ee pravdu.<\/p>\n<p>&#8220;Danas smo htjeli da do\u0111emo u Mostar, a znamo da je Mostar pre\u017eivio sli\u010dno kao \u0161to je pre\u017eivjela i Srebrenica, da oni koji spavaju da se probude, da znaju, da smi mi majke jo\u0161 uvijek tu, da nismo na\u0161le kosti svoje djece, da zlo\u010dinci nisu iza\u0161li pred lice pravde i da se nau\u010di ne\u0161to iz pro\u0161losti, da bi imali bolju, sretniju budu\u0107nost na\u0161oj djeci&#8221;, kazala je Suba\u0161i\u0107.<\/p>\n","protected":false},"excerpt":{"rendered":"<p>Oko 180 \u010dlanica udru\u017eenja koje okupljaju \u017eene Srebrenice, \u010dlanice porodica stradalih u srebreni\u010dkom genocidu, okupile su se u nedjelju, 11. septembra, u Mostaru, na jugu Bosne i Hercegovine (BiH), gdje su odr\u017eale mirnu \u0161etnju. (Foto:RSE)<\/p>\n","protected":false},"author":1,"featured_media":354916,"comment_status":"open","ping_status":"closed","sticky":false,"template":"","format":"standard","meta":{"_seopress_robots_primary_cat":"","_seopress_titles_title":"","_seopress_titles_desc":"","_seopress_robots_index":"","_et_pb_use_builder":"","_et_pb_old_content":"","_et_gb_content_width":"","inline_featured_image":false,"footnotes":""},"categories":[14],"tags":[],"class_list":["post-354915","post","type-post","status-publish","format-standard","has-post-thumbnail","hentry","category-vijesti"],"_links":{"self":[{"href":"https:\/\/www.pcnen.com\/portal\/wp-json\/wp\/v2\/posts\/354915","targetHints":{"allow":["GET"]}}],"collection":[{"href":"https:\/\/www.pcnen.com\/portal\/wp-json\/wp\/v2\/posts"}],"about":[{"href":"https:\/\/www.pcnen.com\/portal\/wp-json\/wp\/v2\/types\/post"}],"author":[{"embeddable":true,"href":"https:\/\/www.pcnen.com\/portal\/wp-json\/wp\/v2\/users\/1"}],"replies":[{"embeddable":true,"href":"https:\/\/www.pcnen.com\/portal\/wp-json\/wp\/v2\/comments?post=354915"}],"version-history":[{"count":1,"href":"https:\/\/www.pcnen.com\/portal\/wp-json\/wp\/v2\/posts\/354915\/revisions"}],"predecessor-version":[{"id":354917,"href":"https:\/\/www.pcnen.com\/portal\/wp-json\/wp\/v2\/posts\/354915\/revisions\/354917"}],"wp:featuredmedia":[{"embeddable":true,"href":"https:\/\/www.pcnen.com\/portal\/wp-json\/wp\/v2\/media\/354916"}],"wp:attachment":[{"href":"https:\/\/www.pcnen.com\/portal\/wp-json\/wp\/v2\/media?parent=354915"}],"wp:term":[{"taxonomy":"category","embeddable":true,"href":"https:\/\/www.pcnen.com\/portal\/wp-json\/wp\/v2\/categories?post=354915"},{"taxonomy":"post_tag","embeddable":true,"href":"https:\/\/www.pcnen.com\/portal\/wp-json\/wp\/v2\/tags?post=354915"}],"curies":[{"name":"wp","href":"https:\/\/api.w.org\/{rel}","templated":true}]}}