{"id":354911,"date":"2022-09-11T14:18:10","date_gmt":"2022-09-11T12:18:10","guid":{"rendered":"https:\/\/www.pcnen.com\/portal\/?p=354911"},"modified":"2022-09-11T15:42:02","modified_gmt":"2022-09-11T13:42:02","slug":"spc-odlikovala-vojislava-seselja-orden-mu-urucio-vladika-backi-irinej","status":"publish","type":"post","link":"https:\/\/www.pcnen.com\/portal\/2022\/09\/11\/spc-odlikovala-vojislava-seselja-orden-mu-urucio-vladika-backi-irinej\/","title":{"rendered":"SPC odlikovala Vojislava \u0160e\u0161elja, orden mu uru\u010dio vladika ba\u010dki Irinej"},"content":{"rendered":"<p>U saop\u0161tenju je navedeno da je to visoko crkveno odlikovanje predsjedniku SRS u ime vladike Longina uru\u010dio vladika ba\u010dki Irinej Bulovi\u0107.<\/p>\n<p>Episkop Irinej je rekao da mu je pripao &#8220;deo \u010dasti i prijatna du\u017enost da uru\u010di taj orden, napravljen u ime divnog Bo\u017eijeg ugodnika, svetitelja Mardarija&#8221;, prenosi Beta.<\/p>\n<p>\u0160e\u0161elj je izjavio da mu je veliko zadovoljstvo i \u010dast \u0161to je primio to visoko crkveno odlikovanje.<\/p>\n<p>Rekao je da je svojevremeno, kada je boravio u Americi, Kanadi i Australiji, zatekao tamo Srbe podijeljene i kako je kazao &#8220;zava\u0111ene na krv i no\u017e&#8221;.<\/p>\n<p>&#8220;Prvo \u0161to sam uradio, oti\u0161ao sam u manastir Libertvil, na manastirskom groblju upalio sve\u0107e pred spomenicima generalu Dra\u017ei Mihajlovi\u0107u i vojvodi Pavlu \u0110uri\u0161i\u0107u i na grobovima kralja Petra, vladike Nikolaja Velimirovi\u0107a, Jovana Du\u010di\u0107a i vladike Mardarija, za koga ranije nisam znao&#8221;, naveo je.<\/p>\n<p>Lider SRS je rekao da je &#8220;tada saznao kolike su njegove zasluge za srpsku crkvu&#8221;.<\/p>\n<p>&#8220;On je srpsku crkvu \u0161irom SAD i Kanade osnovao, razvio, u\u010dvrstio, a do\u0161li smo u situaciju da se ta crkva podeli, kako su jedni druge pogrdno nazivali, na &#8216;raskolnike&#8217; i &#8216;federalce'&#8221;, kazao je \u0160e\u0161elj.<\/p>\n<p>Rekao je i da se trudio, na svakom mjestu gdje boravio, da se taj raskol prevazi\u0111e i da se crkva ponovo ujedini, te napomenuo da je u tome imao prili\u010dno uspjeha.<\/p>\n<p>Vojislav \u0160e\u0161elj je pravosna\u017enom presudom Ha\u0161kog tribunala osu\u0111en na deset godina zatvora zbog podsticanja progona, deportacije i prisilnog raseljavanja i premje\u0161tanja Hrvata u vojvo\u0111anskom selu Hrtkovci, 1992.<\/p>\n<blockquote><p><a href=\"https:\/\/www.pcnen.com\/portal\/2015\/06\/26\/amfilohije-odlikovao-seselja\/\"><em>Mitropolit crnogorsko-primorski Amfilohije, 2015. godine je predsjedniku Srpske radikalne stranke Vojislavu \u0160e\u0161elju uru\u010dio visoki Orden zlatnog lika Svetog Petra Drugog Lov\u0107enskog Tajnovidca.<\/em><\/a><\/p>\n<p><em>\u00a0<a href=\"https:\/\/www.pcnen.com\/portal\/2015\/01\/27\/filaret-odlikovao-seselja\/\">\u0160e\u0161elj je iste te godine odlikovan u manastiru Mile\u0161eva ordenom Bijelog An\u0111ela prvog reda. Odlikovao ga je vladika mile\u0161evski Filaret,<\/a><\/em><\/p><\/blockquote>\n","protected":false},"excerpt":{"rendered":"<p>Eparhija novogra\u010dani\u010dko-srednjozapadnoameri\u010dka Srpske pravoslavne crkve dodijelila je lideru SRS Vojislavu \u0160e\u0161elju orden Svetog vladike Mardarija, saop\u0161tila je Srpska radikalna stranka (SRS).<\/p>\n","protected":false},"author":1,"featured_media":354912,"comment_status":"open","ping_status":"closed","sticky":false,"template":"","format":"standard","meta":{"_seopress_robots_primary_cat":"","_seopress_titles_title":"","_seopress_titles_desc":"","_seopress_robots_index":"","_et_pb_use_builder":"","_et_pb_old_content":"","_et_gb_content_width":"","inline_featured_image":false,"footnotes":""},"categories":[14],"tags":[],"class_list":["post-354911","post","type-post","status-publish","format-standard","has-post-thumbnail","hentry","category-vijesti"],"_links":{"self":[{"href":"https:\/\/www.pcnen.com\/portal\/wp-json\/wp\/v2\/posts\/354911","targetHints":{"allow":["GET"]}}],"collection":[{"href":"https:\/\/www.pcnen.com\/portal\/wp-json\/wp\/v2\/posts"}],"about":[{"href":"https:\/\/www.pcnen.com\/portal\/wp-json\/wp\/v2\/types\/post"}],"author":[{"embeddable":true,"href":"https:\/\/www.pcnen.com\/portal\/wp-json\/wp\/v2\/users\/1"}],"replies":[{"embeddable":true,"href":"https:\/\/www.pcnen.com\/portal\/wp-json\/wp\/v2\/comments?post=354911"}],"version-history":[{"count":3,"href":"https:\/\/www.pcnen.com\/portal\/wp-json\/wp\/v2\/posts\/354911\/revisions"}],"predecessor-version":[{"id":354927,"href":"https:\/\/www.pcnen.com\/portal\/wp-json\/wp\/v2\/posts\/354911\/revisions\/354927"}],"wp:featuredmedia":[{"embeddable":true,"href":"https:\/\/www.pcnen.com\/portal\/wp-json\/wp\/v2\/media\/354912"}],"wp:attachment":[{"href":"https:\/\/www.pcnen.com\/portal\/wp-json\/wp\/v2\/media?parent=354911"}],"wp:term":[{"taxonomy":"category","embeddable":true,"href":"https:\/\/www.pcnen.com\/portal\/wp-json\/wp\/v2\/categories?post=354911"},{"taxonomy":"post_tag","embeddable":true,"href":"https:\/\/www.pcnen.com\/portal\/wp-json\/wp\/v2\/tags?post=354911"}],"curies":[{"name":"wp","href":"https:\/\/api.w.org\/{rel}","templated":true}]}}