{"id":354909,"date":"2022-09-11T14:06:23","date_gmt":"2022-09-11T12:06:23","guid":{"rendered":"https:\/\/www.pcnen.com\/portal\/?p=354909"},"modified":"2022-09-11T14:06:23","modified_gmt":"2022-09-11T12:06:23","slug":"gorjanc-prelevic-trgovanje-pozicijama-u-pravosudu-krajnje-neprimjereno","status":"publish","type":"post","link":"https:\/\/www.pcnen.com\/portal\/2022\/09\/11\/gorjanc-prelevic-trgovanje-pozicijama-u-pravosudu-krajnje-neprimjereno\/","title":{"rendered":"Gorjanc Prelevi\u0107: Trgovanje pozicijama u pravosu\u0111u krajnje neprimjereno"},"content":{"rendered":"<p>Gorjanc Prelevi\u0107 je objasnila da se vi\u0161e ne mo\u017ee sprije\u010diti blokada Ustavnog suda od 13. septembra, zbog odlaska u penziju sudije Miodraga Ili\u010dkovi\u0107a i nedostatka kvoruma za rad.<\/p>\n<p>\u201cMe\u0111utim, Ustavni sud bi mogao da proradi do lokalnih izbora 23. oktobra, ako bi odbor efikasno sproveo postupak i ako bi se utvr\u0111eni predlog kandidata uputio Skup\u0161tini tako da se o njemu glasa na po\u010detku zasijedanja u oktobru\u201d, kazala je Gorjanc Prelevi\u0107 agenciji Mina.<\/p>\n<p>Kako je kazala, morao bi da se postigne izbor dvotre\u0107inskom ve\u0107inom u prvom krugu, jer drugi krug mo\u017ee da se zaka\u017ee tek poslije mjesec u novembru, poslije datuma predvi\u0111enog za lokalne izbore.<\/p>\n<p>\u201cNe treba voditi dijalog o postizanju potrebne ve\u0107ine za imenovanja, ako taj dijalog zna\u010di ono \u0161to je zna\u010dio \u201c trgovinu, uslovljavanje, ucjenjivanje, uglavnom, sve \u0161to je neprimjereno izboru sudija Ustavnog suda\u201d, \u00a0rekla je Gorjanc Prelevi\u0107.<\/p>\n<p>Ona je rekla da je zna\u010daj izbora sudija, \u010dlanova Sudskog savjeta i Vrhovnog dr\u017eavnog tu\u017eioca za vladavinu prava i napredak dr\u017eave ka Evropskoj uniji (EU) izuzetan.<\/p>\n<p>Gorjanc Prelevi\u0107 je navela da odnos prema tim izborima pokazuje odnos svake politi\u010dke partije prema dr\u017eavi.<\/p>\n<p>\u201cTrgovanje pozicijama u sistemu pravosu\u0111a je krajnje neprimjereno, pa ako je to cilj dijaloga, bolje da se i ne izaberu\u201d, \u00a0istakla je Gorjanc Prelevi\u0107.<\/p>\n<p>Kako je kazala, prilikom prethodnog postupka izbora sudija Ustavnog suda, u kome niko od 18 kandidata nije dobio potrebnu ve\u0107inu glasova u odboru, vidjelo se raspolo\u017eenje poslanika.<\/p>\n<p>\u201c Neki kandidati, koji su osvojili glasove, ponovo su se prijavili, a prijavili su se i novi, koji bi tako\u0111e mogli da dobiju podr\u0161ku. Me\u0111u njima su ljudi s ozbiljnim biografijama, od kojih svakako mo\u017ee da se izabere bar jedan, a i svih \u010detvoro sudija, koliko se bira\u201d dodala je Gorjanc Prelevi\u0107.<\/p>\n<p>Gorjanc Prelevi\u0107 je, govore\u0107i o izboru \u010dlanova Sudskog savjeta, kazala da su profesori prava, Neboj\u0161a Vu\u010dini\u0107 i Radoje Kora\u0107, u prvom krugu glasanja dobili po 49 glasova, koja je dovoljna za njihov izbor u drugom krugu i o\u010dekuje da budu izabrani, ako ne do\u0111e do nekog neo\u010dekivanog obrta.<\/p>\n<p>\u201c Preostaloj dvojici kandidata, advokatima Draganu \u0160o\u0107u i Fikretu Kurga\u0161u, nedostajalo je po nekoliko glasova (\u010detiri, odnosno \u0161est) za tropetinsku ve\u0107inu i nadam se da \u0107e je ovog puta posti\u0107i \u201c rekla je Gorjanc Prelevi\u0107.<\/p>\n<p>Ona je dodala da postoje\u0107i \u010dlanovi Sudskog savjeta, iz reda uglednih pravnika, ni jedan dan vi\u0161e ne treba da provedu u tom tijelu i da su, kako su radili, trebalo odavno da budu razrije\u0161eni.<\/p>\n<p>Me\u0111utim, prema rije\u010dima Gorjanc Prelevi\u0107, i poslanici koji sebe smatraju reformatorima, neopravdano su im omogu\u0107ili i dvostruke mandate, i da u\u0111u u tre\u0107i.<\/p>\n<p>\u201cSada je krajnje vrijeme da se sebi\u010dni partijski interesi pretpostave op\u0161tem interesu izbora novih \u010dlanova tog savjeta, kojima bi se dala \u0161ansa da povrate povjerenje u taj klju\u010dni dr\u017eavni organ za rad pravosu\u0111a\u201d istakla je Gorjanc Prelevi\u0107.<\/p>\n<p>Ona je naglasila da treba imati u vidu da je sada jedino bitan krajnji rezultat i mo\u017ee li dr\u017eava da obnavlja svoje organe i tako obezbijedi svoje funkcionisanje ili ne mo\u017ee.<\/p>\n<p>\u201cOd toga zavisi ne samo napredovanje ka EU, nego i opravdanje svrhe postojanja dr\u017eave\u201c, dodala je Gorjanc Prelevi\u0107.<\/p>\n<p>Gorjanc Prelevi\u0107 je kazala da je \u010dinjenica da od svih partija u Ustavnom odboru, samo poslanici Demokratskogf fronta (DF) i poslanica URA\u201de nijesu glasali ni za jednog od 18 kandidata za sudije Ustavnog suda, dok su drugi glasali za najmanje dva ili vi\u0161e.<\/p>\n<p>\u201cDF je ranije objavio da njihov protest nema veze s kandidatima, nego da izbore za Ustavniog suda i Sudskiog savjeta uslovljavaju partijskim interesom da se potpi\u0161e Temeljni ugovor sa Srpskom pravoslavnom crkvom\u201c, navela je Gorjanc Prelevi\u0107.<\/p>\n<p>Ona je ocijenila da je, kako poslanica URA\u201de nije obrazlo\u017eila za\u0161to ba\u0161 niko od kandidata s ozbiljnim biografijama nije zaslu\u017eio njen glas, mogu\u0107e da je i tu motiv bio nekakav partijski interes.<\/p>\n<p>\u201cOp\u0161ti interes, da Ustavni sud radi, zahtijeva da se napravi izbor izme\u0111u postoje\u0107ih kandidata, kojih je \u010dak 19. To je to \u010dime se raspola\u017ee, i od tih ljudi mora da mo\u017ee da se napravi izbor. Stranke koje to opstruiraju rade protiv dr\u017eave\u201c, rekla je Gorjanc Prelevi\u0107.<\/p>\n<p>Ona je pojasnila da izbori ne mogu da se odr\u017ee ako Ustavni sud nema kvorum, jer je taj sud nadle\u017ean da odlu\u010duje o \u017ealbi o povredi prava u toku izbora.<\/p>\n<p>\u201cMe\u0111utim, Ustavni sud ima i druge va\u017ene va\u017ene nadle\u017enosti, da odlu\u010duje o ustavnim \u017ealbama, o ustavnosti i zakonitosti zakona i drugih propisa, o privremenoj mjeri \u2013 obustavlja izvr\u0161enje pojedina\u010dnog akta ili radnje, i sve to stoji dok se ne izabere bar jedan novi sudija\u201c, dodala je ona.<\/p>\n<p>Gorjanc Prelevi\u0107 je kazala da treba imati u vidu i da Ustavni sud veoma kasni sa odlu\u010divanjem.<\/p>\n<p>\u201cPostoje ustavne \u017ealbe o kojima nije odlu\u010deno po vi\u0161e godina. Prema tome, nije dovoljno ni izabrati samo jednog sudiju. Kako stvari stoje, trebalo bi i pove\u0107ati ukupan broj sudija, ali za to bi morao da se mijenja Ustav\u201c, navela je Gorjanc Prelevi\u0107.<\/p>\n<p>Na pitanje da li je, zbog pregovora predstavnika stare parlamentarne ve\u0107ine o formiranju nove vlasti, pri\u010da o neophodnom izboru sudija Ustavnog suda i \u010dlanova Sudskog savjeta u drugom planu, Gorjanc Prelevi\u0107 je rekla da izgleda da jeste.<\/p>\n<p>\u201cJer se na sastanku stare\u201dnove parlamentarne ve\u0107ine razgovaralo samo o izboru novog rukovodstva Skup\u0161tine i Vlade\u201d, smatra Gorjanc Prelevi\u0107.<\/p>\n<p>Kako je dodala, njihov nedavno potpisan politi\u010dki sporazum je kao zajedni\u010dke ciljeve predvidio popunjavanje mjesta u pravosu\u0111u i posve\u0107enost evropskim integracijama pa bi novi propali izbor sudija Ustavnog suda i \u010dlanova Sudskog savjeta na samom po\u010detku saradnje bio lo\u0161 predznak za taj savez i njihovu vladu.<\/p>\n","protected":false},"excerpt":{"rendered":"<p>Dijalog za postizanje potrebne ve\u0107ine za imenovanje sudija Ustavnog suda ne treba voditi ako se u tom procesu trguje, uslovljava, ucjenjuje, ocijenila je direktorica Akcije za ljudska prava Tea Gorjanc Prelevi\u0107.<\/p>\n","protected":false},"author":1,"featured_media":350536,"comment_status":"open","ping_status":"closed","sticky":false,"template":"","format":"standard","meta":{"_seopress_robots_primary_cat":"","_seopress_titles_title":"","_seopress_titles_desc":"","_seopress_robots_index":"","_et_pb_use_builder":"","_et_pb_old_content":"","_et_gb_content_width":"","inline_featured_image":false,"footnotes":""},"categories":[14],"tags":[],"class_list":["post-354909","post","type-post","status-publish","format-standard","has-post-thumbnail","hentry","category-vijesti"],"_links":{"self":[{"href":"https:\/\/www.pcnen.com\/portal\/wp-json\/wp\/v2\/posts\/354909","targetHints":{"allow":["GET"]}}],"collection":[{"href":"https:\/\/www.pcnen.com\/portal\/wp-json\/wp\/v2\/posts"}],"about":[{"href":"https:\/\/www.pcnen.com\/portal\/wp-json\/wp\/v2\/types\/post"}],"author":[{"embeddable":true,"href":"https:\/\/www.pcnen.com\/portal\/wp-json\/wp\/v2\/users\/1"}],"replies":[{"embeddable":true,"href":"https:\/\/www.pcnen.com\/portal\/wp-json\/wp\/v2\/comments?post=354909"}],"version-history":[{"count":1,"href":"https:\/\/www.pcnen.com\/portal\/wp-json\/wp\/v2\/posts\/354909\/revisions"}],"predecessor-version":[{"id":354910,"href":"https:\/\/www.pcnen.com\/portal\/wp-json\/wp\/v2\/posts\/354909\/revisions\/354910"}],"wp:featuredmedia":[{"embeddable":true,"href":"https:\/\/www.pcnen.com\/portal\/wp-json\/wp\/v2\/media\/350536"}],"wp:attachment":[{"href":"https:\/\/www.pcnen.com\/portal\/wp-json\/wp\/v2\/media?parent=354909"}],"wp:term":[{"taxonomy":"category","embeddable":true,"href":"https:\/\/www.pcnen.com\/portal\/wp-json\/wp\/v2\/categories?post=354909"},{"taxonomy":"post_tag","embeddable":true,"href":"https:\/\/www.pcnen.com\/portal\/wp-json\/wp\/v2\/tags?post=354909"}],"curies":[{"name":"wp","href":"https:\/\/api.w.org\/{rel}","templated":true}]}}